{"id":1000,"date":"2017-11-05T15:59:29","date_gmt":"2017-11-05T14:59:29","guid":{"rendered":"http:\/\/62.113.204.250\/?p=1000"},"modified":"2017-11-05T15:59:29","modified_gmt":"2017-11-05T14:59:29","slug":"keltenwelt-glauberg","status":"publish","type":"post","link":"https:\/\/wilktravel.de\/index.php\/reisen\/2017\/keltenwelt-glauberg\/","title":{"rendered":"Keltenwelt &#8211; Glauberg"},"content":{"rendered":"<p>Diese Woche besuchte uns unser j\u00fcngerer Sohn, der momentan in Kanada studiert. Er nahm an einer Konferenz in Wien teil und machte einen einw\u00f6chigen Stopover bei uns. Unser \u00e4lterer Sohn nahm auch die Gelegenheit wahr seinen Bruder bei uns zu treffen. Das erste Wochenende stand ein Familienbesuch bei Oma, Tante,&#8230; an, am zweiten Wochenende wollten wir uns kulturell weiterbilden. Schon seit einiger Zeit fiel uns das Schild an der A45 Richtung Giessen auf, das auf die Keltenwelt am Glauberg hinweist. Da dies nur etwa 30 Kilometer von unserem Wohnort entfernt ist und das Wetter sehr gut war, stand unser Entschluss dort einmal vorbei zu schauen schnell fest. Der Glauberg ist eine aufragende Hochebene, etwa 200 * 800 m und war seit 7000 v Chr. bewohnt. Die letzte Siedlung\/ Burg wurde im 13ten Jahrhundert aufgegeben. Dieser Ort ist f\u00fcr Arch\u00e4ologen sehr interessant und Luftbildaufnahmen aus den 80er und 90er Jahren deuteten auf k\u00fcnstliche Gel\u00e4ndever\u00e4nderungen hin. Ausgrabungen f\u00f6rderten zwei keltische F\u00fcrstengr\u00e4ber mit vielen Grabbeigaben, unter anderem eine mannshohe Steinfigur (Abbildung des F\u00fcrsten) zu Tage, die heute im anliegenden <a href=\"http:\/\/www.keltenwelt-glauberg.de\/\">Museum<\/a> ausgestellt werden. Wir verbrachten einige Stunden auf dem Plateau um uns die Siedlungsreste, haupts\u00e4chlich aus dem Mittelalter anzuschauen. Die Schautafeln geben interessante Erl\u00e4uterungen der abwechslungsreichen Geschichte. Unter anderem auch die Sage, da\u00df Frauen und Kinder nach erfolgreicher Belagerung samt allem was sie tragen konnten, abziehen durften. Statt dem Hausrat trugen die Frauen ihre M\u00e4nner auf den Schultern aus der Burg. Ich glaube \u00e4hnliche Sagen gibt es zu Hauf. Meine Frau erkl\u00e4rte, dass Sie mich nur tragen w\u00fcrde, wenn ich ein paar Kilos abnehme &#8230;<\/p>\n","protected":false},"excerpt":{"rendered":"<p>Diese Woche besuchte uns unser j\u00fcngerer Sohn, der momentan in  [&#8230;]<\/p>\n","protected":false},"author":1,"featured_media":1006,"comment_status":"open","ping_status":"open","sticky":false,"template":"","format":"standard","meta":{"jetpack_post_was_ever_published":false,"_jetpack_newsletter_access":"","_jetpack_dont_email_post_to_subs":false,"_jetpack_newsletter_tier_id":0,"_jetpack_memberships_contains_paywalled_content":false,"_jetpack_memberships_contains_paid_content":false,"footnotes":"","jetpack_publicize_message":"Keltenwelt - Glauberg","jetpack_publicize_feature_enabled":true,"jetpack_social_post_already_shared":true,"jetpack_social_options":{"image_generator_settings":{"template":"highway","default_image_id":0,"font":"","enabled":false},"version":2}},"categories":[2],"tags":[62,61],"class_list":["post-1000","post","type-post","status-publish","format-standard","has-post-thumbnail","hentry","category-reisen","tag-glauberg","tag-kelten"],"jetpack_publicize_connections":[],"jetpack_featured_media_url":"https:\/\/i0.wp.com\/wilktravel.de\/wp-content\/uploads\/2017\/11\/Huegelgrab.jpg?fit=1248%2C700&ssl=1","jetpack_shortlink":"https:\/\/wp.me\/p9cXHR-g8","jetpack-related-posts":[{"id":1851,"url":"https:\/\/wilktravel.de\/index.php\/reisen\/2018\/barbaramarkt-2018-sommerkahl-spessart\/","url_meta":{"origin":1000,"position":0},"title":"Barbaramarkt 2018 Sommerkahl, Spessart","author":"andreas","date":"25. November 2018","format":false,"excerpt":"","rel":"","context":"In &quot;Reisen&quot;","block_context":{"text":"Reisen","link":"https:\/\/wilktravel.de\/index.php\/category\/reisen\/"},"img":{"alt_text":"","src":"https:\/\/i0.wp.com\/wilktravel.de\/wp-content\/uploads\/2018\/11\/20181124_152940.jpg?fit=1200%2C675&ssl=1&resize=350%2C200","width":350,"height":200,"srcset":"https:\/\/i0.wp.com\/wilktravel.de\/wp-content\/uploads\/2018\/11\/20181124_152940.jpg?fit=1200%2C675&ssl=1&resize=350%2C200 1x, https:\/\/i0.wp.com\/wilktravel.de\/wp-content\/uploads\/2018\/11\/20181124_152940.jpg?fit=1200%2C675&ssl=1&resize=525%2C300 1.5x, https:\/\/i0.wp.com\/wilktravel.de\/wp-content\/uploads\/2018\/11\/20181124_152940.jpg?fit=1200%2C675&ssl=1&resize=700%2C400 2x, https:\/\/i0.wp.com\/wilktravel.de\/wp-content\/uploads\/2018\/11\/20181124_152940.jpg?fit=1200%2C675&ssl=1&resize=1050%2C600 3x"},"classes":[]},{"id":3386,"url":"https:\/\/wilktravel.de\/index.php\/reisen\/2023\/weltreise-kanada\/","url_meta":{"origin":1000,"position":1},"title":"Weltreise &#8211; Kanada","author":"andreas","date":"1. Juli 2023","format":false,"excerpt":"Endlich sind wir auf dem Weg. Unser Vermieter, der am letzten Tag morgens noch unsere Hausschl\u00fcssel in Empfang nahm, war glaube ich aufgeregter als wir Der Taxifahrer auf dem Weg zum Flughafen war ziemlich verbl\u00fcfft, als wir ihm verk\u00fcndeten, dass wir Deutschland verlassen. Ansonsten hat alles reibungslos geklappt. Von den\u2026","rel":"","context":"In &quot;Reisen&quot;","block_context":{"text":"Reisen","link":"https:\/\/wilktravel.de\/index.php\/category\/reisen\/"},"img":{"alt_text":"","src":"https:\/\/i0.wp.com\/wilktravel.de\/wp-content\/uploads\/2023\/07\/Kanada2.jpg?fit=832%2C624&ssl=1&resize=350%2C200","width":350,"height":200,"srcset":"https:\/\/i0.wp.com\/wilktravel.de\/wp-content\/uploads\/2023\/07\/Kanada2.jpg?fit=832%2C624&ssl=1&resize=350%2C200 1x, https:\/\/i0.wp.com\/wilktravel.de\/wp-content\/uploads\/2023\/07\/Kanada2.jpg?fit=832%2C624&ssl=1&resize=525%2C300 1.5x, https:\/\/i0.wp.com\/wilktravel.de\/wp-content\/uploads\/2023\/07\/Kanada2.jpg?fit=832%2C624&ssl=1&resize=700%2C400 2x"},"classes":[]},{"id":3411,"url":"https:\/\/wilktravel.de\/index.php\/reisen\/2023\/weltreise-san-juan-in-puerto-rico\/","url_meta":{"origin":1000,"position":2},"title":"Weltreise &#8211; San Juan in Puerto Rico","author":"andreas","date":"13. Juli 2023","format":false,"excerpt":"Die eine Woche Zwischenstopp bei unserem Sohn in Kanada nach dem ganzen Stress in den Wochen zuvor war sehr erholsam. Leider ging der Weiterflug nach Miami\/ San Juan- Puerto Rico sehr fr\u00fch, schon um 6:00 Uhr mit Einchecken um 3:00 morgens. Da wir unseren Sohn nicht mit einer Fahrt zum\u2026","rel":"","context":"In &quot;Reisen&quot;","block_context":{"text":"Reisen","link":"https:\/\/wilktravel.de\/index.php\/category\/reisen\/"},"img":{"alt_text":"","src":"https:\/\/i0.wp.com\/wilktravel.de\/wp-content\/uploads\/2023\/07\/kanadasanjuan4.jpg?fit=1037%2C778&ssl=1&resize=350%2C200","width":350,"height":200,"srcset":"https:\/\/i0.wp.com\/wilktravel.de\/wp-content\/uploads\/2023\/07\/kanadasanjuan4.jpg?fit=1037%2C778&ssl=1&resize=350%2C200 1x, https:\/\/i0.wp.com\/wilktravel.de\/wp-content\/uploads\/2023\/07\/kanadasanjuan4.jpg?fit=1037%2C778&ssl=1&resize=525%2C300 1.5x, https:\/\/i0.wp.com\/wilktravel.de\/wp-content\/uploads\/2023\/07\/kanadasanjuan4.jpg?fit=1037%2C778&ssl=1&resize=700%2C400 2x"},"classes":[]},{"id":4103,"url":"https:\/\/wilktravel.de\/index.php\/reisen\/2024\/alltag-in-kanada\/","url_meta":{"origin":1000,"position":3},"title":"Alltag in Kanada","author":"andreas","date":"7. Mai 2024","format":false,"excerpt":"Mittlerweile sind wir schon seit 3 Wochen in Kanada. Wir wohnen im Haus unseres Sohnes, etwa 200 km \u00f6stlich von Toronto. Hier haben sich gewisse Routinen herausgebildet: vor einem Monat kam unser kleines Enkelkind zur Welt, das einige Bed\u00fcrfnisse hat. Neben dem Trinken (wof\u00fcr ausschlie\u00dflich unsere Schwiegertochter verantwortlich ist) und\u2026","rel":"","context":"In &quot;Reisen&quot;","block_context":{"text":"Reisen","link":"https:\/\/wilktravel.de\/index.php\/category\/reisen\/"},"img":{"alt_text":"","src":"https:\/\/i0.wp.com\/wilktravel.de\/wp-content\/uploads\/2024\/05\/kanada2024_5.jpg?fit=1020%2C768&ssl=1&resize=350%2C200","width":350,"height":200,"srcset":"https:\/\/i0.wp.com\/wilktravel.de\/wp-content\/uploads\/2024\/05\/kanada2024_5.jpg?fit=1020%2C768&ssl=1&resize=350%2C200 1x, https:\/\/i0.wp.com\/wilktravel.de\/wp-content\/uploads\/2024\/05\/kanada2024_5.jpg?fit=1020%2C768&ssl=1&resize=525%2C300 1.5x, https:\/\/i0.wp.com\/wilktravel.de\/wp-content\/uploads\/2024\/05\/kanada2024_5.jpg?fit=1020%2C768&ssl=1&resize=700%2C400 2x"},"classes":[]},{"id":13508,"url":"https:\/\/wilktravel.de\/index.php\/uncategorized\/2026\/neues-aus-kanada\/","url_meta":{"origin":1000,"position":4},"title":"Neues aus Kanada","author":"andreas","date":"18. M\u00e4rz 2026","format":false,"excerpt":"Vor einigen Wochen hatte ich im Anschlu\u00df an meine Tumoroperation vom letzten Oktober ein neues MRT vom Kopf machen lassen und die Auswertung ergab, dass entgegen der Aussage der operierenden \u00c4rzte in Freiburg wohl doch nicht der ganze Tumor entfernt, sondern noch Reste, die anscheinend zu nahe an einer Vene\u2026","rel":"","context":"In &quot;Reisen&quot;","block_context":{"text":"Reisen","link":"https:\/\/wilktravel.de\/index.php\/category\/reisen\/"},"img":{"alt_text":"","src":"https:\/\/i0.wp.com\/wilktravel.de\/wp-content\/uploads\/2026\/03\/Server1.jpg?fit=1020%2C768&ssl=1&resize=350%2C200","width":350,"height":200,"srcset":"https:\/\/i0.wp.com\/wilktravel.de\/wp-content\/uploads\/2026\/03\/Server1.jpg?fit=1020%2C768&ssl=1&resize=350%2C200 1x, https:\/\/i0.wp.com\/wilktravel.de\/wp-content\/uploads\/2026\/03\/Server1.jpg?fit=1020%2C768&ssl=1&resize=525%2C300 1.5x, https:\/\/i0.wp.com\/wilktravel.de\/wp-content\/uploads\/2026\/03\/Server1.jpg?fit=1020%2C768&ssl=1&resize=700%2C400 2x"},"classes":[]},{"id":1323,"url":"https:\/\/wilktravel.de\/index.php\/reisen\/2018\/tauchen-suedfrankreich-2018\/","url_meta":{"origin":1000,"position":5},"title":"Tauchen S\u00fcdfrankreich 2018","author":"andreas","date":"13. September 2018","format":false,"excerpt":"","rel":"","context":"In &quot;Reisen&quot;","block_context":{"text":"Reisen","link":"https:\/\/wilktravel.de\/index.php\/category\/reisen\/"},"img":{"alt_text":"","src":"https:\/\/i0.wp.com\/wilktravel.de\/wp-content\/uploads\/2018\/09\/Sonnenuntergang_Appartment_Giens.jpg?fit=1037%2C778&ssl=1&resize=350%2C200","width":350,"height":200,"srcset":"https:\/\/i0.wp.com\/wilktravel.de\/wp-content\/uploads\/2018\/09\/Sonnenuntergang_Appartment_Giens.jpg?fit=1037%2C778&ssl=1&resize=350%2C200 1x, https:\/\/i0.wp.com\/wilktravel.de\/wp-content\/uploads\/2018\/09\/Sonnenuntergang_Appartment_Giens.jpg?fit=1037%2C778&ssl=1&resize=525%2C300 1.5x, https:\/\/i0.wp.com\/wilktravel.de\/wp-content\/uploads\/2018\/09\/Sonnenuntergang_Appartment_Giens.jpg?fit=1037%2C778&ssl=1&resize=700%2C400 2x"},"classes":[]}],"jetpack_sharing_enabled":true,"_links":{"self":[{"href":"https:\/\/wilktravel.de\/index.php\/wp-json\/wp\/v2\/posts\/1000","targetHints":{"allow":["GET"]}}],"collection":[{"href":"https:\/\/wilktravel.de\/index.php\/wp-json\/wp\/v2\/posts"}],"about":[{"href":"https:\/\/wilktravel.de\/index.php\/wp-json\/wp\/v2\/types\/post"}],"author":[{"embeddable":true,"href":"https:\/\/wilktravel.de\/index.php\/wp-json\/wp\/v2\/users\/1"}],"replies":[{"embeddable":true,"href":"https:\/\/wilktravel.de\/index.php\/wp-json\/wp\/v2\/comments?post=1000"}],"version-history":[{"count":2,"href":"https:\/\/wilktravel.de\/index.php\/wp-json\/wp\/v2\/posts\/1000\/revisions"}],"predecessor-version":[{"id":1002,"href":"https:\/\/wilktravel.de\/index.php\/wp-json\/wp\/v2\/posts\/1000\/revisions\/1002"}],"wp:featuredmedia":[{"embeddable":true,"href":"https:\/\/wilktravel.de\/index.php\/wp-json\/wp\/v2\/media\/1006"}],"wp:attachment":[{"href":"https:\/\/wilktravel.de\/index.php\/wp-json\/wp\/v2\/media?parent=1000"}],"wp:term":[{"taxonomy":"category","embeddable":true,"href":"https:\/\/wilktravel.de\/index.php\/wp-json\/wp\/v2\/categories?post=1000"},{"taxonomy":"post_tag","embeddable":true,"href":"https:\/\/wilktravel.de\/index.php\/wp-json\/wp\/v2\/tags?post=1000"}],"curies":[{"name":"wp","href":"https:\/\/api.w.org\/{rel}","templated":true}]}}