{"id":13666,"date":"2026-09-05T19:13:07","date_gmt":"2026-09-05T17:13:07","guid":{"rendered":"https:\/\/wilktravel.de\/?p=13666"},"modified":"2026-09-05T19:13:07","modified_gmt":"2026-09-05T17:13:07","slug":"fahrradtour-nach-port-stanley","status":"publish","type":"post","link":"https:\/\/wilktravel.de\/index.php\/reisen\/2026\/fahrradtour-nach-port-stanley\/","title":{"rendered":"Fahrradtour nach Port Stanley"},"content":{"rendered":"<p><a href=\"https:\/\/www.komoot.com\/de-de\/tour\/3259577301?share_token=aFZLWf8s09PVcIX4AcbKmM5mgsXMidIYnWtbOv9RInXIaefZLE&amp;ref=wtd&amp;t_s=referral&amp;t_cid=route_share&amp;t_ref_username=596588566281\">Link nach Komoot<\/a><\/p>\n<p>Heute war es mal wieder so weit, nach einem ziemlich verregneten Sommer in Kanada war heute sch\u00f6nes Wetter vorhergesagt. Dies ist ein langes Wochenende mit Labour Day (Tag der Arbeit) am Montag. Also schwang ich mich nach dem Fr\u00fchst\u00fcck aufs Fahrrad und hatte eine 35 km Runde vor mir. Schon am ersten Kreisel in St. Thomas h\u00e4tte es beinahe ein j\u00e4hes Ende gegeben, da mir eine Fahrerin die Vorfahrt nahm und ich heftig bremsen musste. Der Weg von St. Thomas nach Port Stanley am Eriesee ist der einzige Fahrradweg weit und breit. Er f\u00fchrt zun\u00e4chst an der ehemaligen Eisenbahnlinie zwischen London und Port Stanley entlang <img data-recalc-dims=\"1\" decoding=\"async\" data-attachment-id=\"13665\" data-permalink=\"https:\/\/wilktravel.de\/index.php\/reisen\/2026\/fahrradtour-nach-port-stanley\/attachment\/portstanley9\/\" data-orig-file=\"https:\/\/i0.wp.com\/wilktravel.de\/wp-content\/uploads\/2026\/09\/PortStanley9.jpg?fit=1020%2C768&amp;ssl=1\" data-orig-size=\"1020,768\" data-comments-opened=\"1\" data-image-meta=\"{&quot;aperture&quot;:&quot;1.8&quot;,&quot;credit&quot;:&quot;&quot;,&quot;camera&quot;:&quot;moto g stylus 5G (2022)&quot;,&quot;caption&quot;:&quot;&quot;,&quot;created_timestamp&quot;:&quot;1788601419&quot;,&quot;copyright&quot;:&quot;&quot;,&quot;focal_length&quot;:&quot;4.266&quot;,&quot;iso&quot;:&quot;100&quot;,&quot;shutter_speed&quot;:&quot;0.002261623&quot;,&quot;title&quot;:&quot;&quot;,&quot;orientation&quot;:&quot;1&quot;,&quot;alt&quot;:&quot;&quot;}\" data-image-title=\"PortStanley9\" data-image-description=\"\" data-image-caption=\"\" data-large-file=\"https:\/\/i0.wp.com\/wilktravel.de\/wp-content\/uploads\/2026\/09\/PortStanley9.jpg?fit=1020%2C768&amp;ssl=1\" class=\"size-medium wp-image-13665 alignleft\" src=\"https:\/\/i0.wp.com\/wilktravel.de\/wp-content\/uploads\/2026\/09\/PortStanley9.jpg?resize=300%2C226&#038;ssl=1\" alt=\"\" width=\"300\" height=\"226\" srcset=\"https:\/\/i0.wp.com\/wilktravel.de\/wp-content\/uploads\/2026\/09\/PortStanley9.jpg?resize=200%2C151&amp;ssl=1 200w, https:\/\/i0.wp.com\/wilktravel.de\/wp-content\/uploads\/2026\/09\/PortStanley9.jpg?resize=300%2C226&amp;ssl=1 300w, https:\/\/i0.wp.com\/wilktravel.de\/wp-content\/uploads\/2026\/09\/PortStanley9.jpg?resize=400%2C301&amp;ssl=1 400w, https:\/\/i0.wp.com\/wilktravel.de\/wp-content\/uploads\/2026\/09\/PortStanley9.jpg?resize=600%2C452&amp;ssl=1 600w, https:\/\/i0.wp.com\/wilktravel.de\/wp-content\/uploads\/2026\/09\/PortStanley9.jpg?resize=768%2C578&amp;ssl=1 768w, https:\/\/i0.wp.com\/wilktravel.de\/wp-content\/uploads\/2026\/09\/PortStanley9.jpg?resize=800%2C602&amp;ssl=1 800w, https:\/\/i0.wp.com\/wilktravel.de\/wp-content\/uploads\/2026\/09\/PortStanley9.jpg?w=1020&amp;ssl=1 1020w\" sizes=\"(max-width: 300px) 100vw, 300px\" \/>(ger\u00fcchteweise soll die Bahn hin und wieder immer noch benutzt werden, <a href=\"https:\/\/www.railwaycitytourism.com\/whistlestop-trail.html\">link Whistlestop Trai<\/a>l) und dann auf einem separaten Streifen entlang der Hauptstra\u00dfe. An den Wochenenden gibt es hier h\u00e4ufig vor den einzelnen H\u00e4usern private Flohm\u00e4rkte und viele Besucher parken einfach dreist auf dem Fahrradweg, als ich einen Schuldigen beim Vorbeifahren erkl\u00e4rte, dass das kein Parkplatz ist, grinste der nur bl\u00f6d zur\u00fcck.<\/p>\n<p>In Port Stanley am Eriesee f\u00fchlt man sich wie am Meer. Es gibt mehrere Str\u00e4nde und viele Pubs und Restaurants. Man sieht auch viele Touristen, die durch die Stadt flanieren. Bekannte erkl\u00e4rten mir, dass es hier im Sommer total \u00fcberf\u00fcllt war, da sich viele Familien wegen der gestiegenen Lebenshaltungskosten keinen Urlaub leisten konnten und deshalb ihre Zeit hier verbringen.<\/p>\n<p><img data-recalc-dims=\"1\" decoding=\"async\" data-attachment-id=\"13664\" data-permalink=\"https:\/\/wilktravel.de\/index.php\/reisen\/2026\/fahrradtour-nach-port-stanley\/attachment\/portstanley8\/\" data-orig-file=\"https:\/\/i0.wp.com\/wilktravel.de\/wp-content\/uploads\/2026\/09\/PortStanley8.jpg?fit=834%2C628&amp;ssl=1\" data-orig-size=\"834,628\" data-comments-opened=\"1\" data-image-meta=\"{&quot;aperture&quot;:&quot;1.8&quot;,&quot;credit&quot;:&quot;&quot;,&quot;camera&quot;:&quot;moto g stylus 5G (2022)&quot;,&quot;caption&quot;:&quot;&quot;,&quot;created_timestamp&quot;:&quot;1788605263&quot;,&quot;copyright&quot;:&quot;&quot;,&quot;focal_length&quot;:&quot;4.266&quot;,&quot;iso&quot;:&quot;100&quot;,&quot;shutter_speed&quot;:&quot;0.0018119280142497&quot;,&quot;title&quot;:&quot;&quot;,&quot;orientation&quot;:&quot;1&quot;,&quot;alt&quot;:&quot;&quot;}\" data-image-title=\"PortStanley8\" data-image-description=\"\" data-image-caption=\"\" data-large-file=\"https:\/\/i0.wp.com\/wilktravel.de\/wp-content\/uploads\/2026\/09\/PortStanley8.jpg?fit=834%2C628&amp;ssl=1\" class=\"size-medium wp-image-13664 alignleft\" src=\"https:\/\/i0.wp.com\/wilktravel.de\/wp-content\/uploads\/2026\/09\/PortStanley8.jpg?resize=300%2C226&#038;ssl=1\" alt=\"\" width=\"300\" height=\"226\" srcset=\"https:\/\/i0.wp.com\/wilktravel.de\/wp-content\/uploads\/2026\/09\/PortStanley8.jpg?resize=200%2C151&amp;ssl=1 200w, https:\/\/i0.wp.com\/wilktravel.de\/wp-content\/uploads\/2026\/09\/PortStanley8.jpg?resize=300%2C226&amp;ssl=1 300w, https:\/\/i0.wp.com\/wilktravel.de\/wp-content\/uploads\/2026\/09\/PortStanley8.jpg?resize=400%2C301&amp;ssl=1 400w, https:\/\/i0.wp.com\/wilktravel.de\/wp-content\/uploads\/2026\/09\/PortStanley8.jpg?resize=600%2C452&amp;ssl=1 600w, https:\/\/i0.wp.com\/wilktravel.de\/wp-content\/uploads\/2026\/09\/PortStanley8.jpg?resize=768%2C578&amp;ssl=1 768w, https:\/\/i0.wp.com\/wilktravel.de\/wp-content\/uploads\/2026\/09\/PortStanley8.jpg?resize=800%2C602&amp;ssl=1 800w, https:\/\/i0.wp.com\/wilktravel.de\/wp-content\/uploads\/2026\/09\/PortStanley8.jpg?w=834&amp;ssl=1 834w\" sizes=\"(max-width: 300px) 100vw, 300px\" \/>Der R\u00fcckweg war wegen der Steigungen wesentlich schwieriger und f\u00fchrte bei Shaws Icecream vorbei. Dieser Laden ist im Sommer\u00a0 immer total \u00fcberf\u00fcllt, das Eis soll aber sehr gut sein und wird nach Gewicht verkauft, i.e. die abgef\u00fcllten Eiswaffeln werden einzeln gewogen.<\/p>\n","protected":false},"excerpt":{"rendered":"<p>Link nach Komoot Heute war es mal wieder so weit,  [&#8230;]<\/p>\n","protected":false},"author":1,"featured_media":13658,"comment_status":"open","ping_status":"open","sticky":false,"template":"","format":"standard","meta":{"_jetpack_newsletter_access":"","_jetpack_dont_email_post_to_subs":false,"_jetpack_newsletter_tier_id":0,"_jetpack_memberships_contains_paywalled_content":false,"_jetpack_feature_clip_id":0,"_jetpack_memberships_contains_paid_content":false,"footnotes":"","jetpack_publicize_message":"","jetpack_publicize_feature_enabled":true,"jetpack_social_post_already_shared":true,"jetpack_social_options":{"image_generator_settings":{"template":"highway","default_image_id":0,"font":"","enabled":false},"version":2},"jetpack_post_was_ever_published":false},"categories":[2],"tags":[109,391],"class_list":["post-13666","post","type-post","status-publish","format-standard","has-post-thumbnail","hentry","category-reisen","tag-fahrradtour","tag-port-stanley"],"jetpack_publicize_connections":[],"jetpack_shortlink":"https:\/\/wp.me\/p9cXHR-3yq","jetpack-related-posts":[{"id":13555,"url":"https:\/\/wilktravel.de\/index.php\/reisen\/2026\/nur-fliegen-ist-schoener\/","url_meta":{"origin":13666,"position":0},"title":"Nur fliegen ist sch\u00f6ner","author":"andreas","date":"3. Mai 2026","format":false,"excerpt":"Als ich im Dezember letzten Jahres nach Kanada zur\u00fcckkehrte, kannte ich in der Umgebung von St. Thomas - etwa 200 km westlich von Toronto - au\u00dfer meiner Familie niemanden. Also beschloss ich, aktiv Kontakte zu kn\u00fcpfen. Zwei Wege f\u00fchrten mich dabei direkt zu neuen Bekanntschaften: Ich trat einem Bridge-Club bei\u2026","rel":"","context":"In &quot;Reisen&quot;","block_context":{"text":"Reisen","link":"https:\/\/wilktravel.de\/index.php\/category\/reisen\/"},"img":{"alt_text":"","src":"https:\/\/i0.wp.com\/wilktravel.de\/wp-content\/uploads\/2026\/05\/Flug15.jpg?fit=1020%2C768&ssl=1&resize=350%2C200","width":350,"height":200,"srcset":"https:\/\/i0.wp.com\/wilktravel.de\/wp-content\/uploads\/2026\/05\/Flug15.jpg?fit=1020%2C768&ssl=1&resize=350%2C200 1x, https:\/\/i0.wp.com\/wilktravel.de\/wp-content\/uploads\/2026\/05\/Flug15.jpg?fit=1020%2C768&ssl=1&resize=525%2C300 1.5x, https:\/\/i0.wp.com\/wilktravel.de\/wp-content\/uploads\/2026\/05\/Flug15.jpg?fit=1020%2C768&ssl=1&resize=700%2C400 2x"},"classes":[]},{"id":3193,"url":"https:\/\/wilktravel.de\/index.php\/reisen\/2022\/kanadareise-2022\/","url_meta":{"origin":13666,"position":1},"title":"Kanadareise 2022","author":"andreas","date":"31. Oktober 2022","format":false,"excerpt":"","rel":"","context":"In &quot;Reisen&quot;","block_context":{"text":"Reisen","link":"https:\/\/wilktravel.de\/index.php\/category\/reisen\/"},"img":{"alt_text":"","src":"https:\/\/i0.wp.com\/wilktravel.de\/wp-content\/uploads\/2022\/10\/imagexuw003.jpg?fit=1200%2C900&ssl=1&resize=350%2C200","width":350,"height":200,"srcset":"https:\/\/i0.wp.com\/wilktravel.de\/wp-content\/uploads\/2022\/10\/imagexuw003.jpg?fit=1200%2C900&ssl=1&resize=350%2C200 1x, https:\/\/i0.wp.com\/wilktravel.de\/wp-content\/uploads\/2022\/10\/imagexuw003.jpg?fit=1200%2C900&ssl=1&resize=525%2C300 1.5x, https:\/\/i0.wp.com\/wilktravel.de\/wp-content\/uploads\/2022\/10\/imagexuw003.jpg?fit=1200%2C900&ssl=1&resize=700%2C400 2x, https:\/\/i0.wp.com\/wilktravel.de\/wp-content\/uploads\/2022\/10\/imagexuw003.jpg?fit=1200%2C900&ssl=1&resize=1050%2C600 3x"},"classes":[]},{"id":2682,"url":"https:\/\/wilktravel.de\/index.php\/reisen\/2021\/kanadareise-2021\/","url_meta":{"origin":13666,"position":2},"title":"Kanadareise 2021","author":"andreas","date":"4. September 2021","format":false,"excerpt":"","rel":"","context":"In &quot;Reisen&quot;","block_context":{"text":"Reisen","link":"https:\/\/wilktravel.de\/index.php\/category\/reisen\/"},"img":{"alt_text":"Deutsche Gartenzwerge in Kanada","src":"https:\/\/i0.wp.com\/wilktravel.de\/wp-content\/uploads\/2021\/08\/imagex001-scaled.jpg?fit=1200%2C900&ssl=1&resize=350%2C200","width":350,"height":200,"srcset":"https:\/\/i0.wp.com\/wilktravel.de\/wp-content\/uploads\/2021\/08\/imagex001-scaled.jpg?fit=1200%2C900&ssl=1&resize=350%2C200 1x, https:\/\/i0.wp.com\/wilktravel.de\/wp-content\/uploads\/2021\/08\/imagex001-scaled.jpg?fit=1200%2C900&ssl=1&resize=525%2C300 1.5x, https:\/\/i0.wp.com\/wilktravel.de\/wp-content\/uploads\/2021\/08\/imagex001-scaled.jpg?fit=1200%2C900&ssl=1&resize=700%2C400 2x, https:\/\/i0.wp.com\/wilktravel.de\/wp-content\/uploads\/2021\/08\/imagex001-scaled.jpg?fit=1200%2C900&ssl=1&resize=1050%2C600 3x"},"classes":[]},{"id":1310,"url":"https:\/\/wilktravel.de\/index.php\/reisen\/2018\/fahrradtour-birkenhainer-strasse-spessart\/","url_meta":{"origin":13666,"position":3},"title":"Fahrradtour Birkenhainer Strasse\/ Spessart","author":"andreas","date":"16. August 2018","format":false,"excerpt":"","rel":"","context":"In &quot;Reisen&quot;","block_context":{"text":"Reisen","link":"https:\/\/wilktravel.de\/index.php\/category\/reisen\/"},"img":{"alt_text":"","src":"https:\/\/i0.wp.com\/wilktravel.de\/wp-content\/uploads\/2018\/08\/BHS-Andreas.jpg?fit=1037%2C778&ssl=1&resize=350%2C200","width":350,"height":200,"srcset":"https:\/\/i0.wp.com\/wilktravel.de\/wp-content\/uploads\/2018\/08\/BHS-Andreas.jpg?fit=1037%2C778&ssl=1&resize=350%2C200 1x, https:\/\/i0.wp.com\/wilktravel.de\/wp-content\/uploads\/2018\/08\/BHS-Andreas.jpg?fit=1037%2C778&ssl=1&resize=525%2C300 1.5x, https:\/\/i0.wp.com\/wilktravel.de\/wp-content\/uploads\/2018\/08\/BHS-Andreas.jpg?fit=1037%2C778&ssl=1&resize=700%2C400 2x"},"classes":[]},{"id":1187,"url":"https:\/\/wilktravel.de\/index.php\/reisen\/2018\/fahrradtour-nach-aschaffenburg\/","url_meta":{"origin":13666,"position":4},"title":"Fahrradtour nach Aschaffenburg","author":"andreas","date":"8. April 2018","format":false,"excerpt":"","rel":"","context":"In &quot;Reisen&quot;","block_context":{"text":"Reisen","link":"https:\/\/wilktravel.de\/index.php\/category\/reisen\/"},"img":{"alt_text":"","src":"https:\/\/i0.wp.com\/wilktravel.de\/wp-content\/uploads\/2018\/04\/IMG_1326.jpg?fit=1200%2C900&ssl=1&resize=350%2C200","width":350,"height":200,"srcset":"https:\/\/i0.wp.com\/wilktravel.de\/wp-content\/uploads\/2018\/04\/IMG_1326.jpg?fit=1200%2C900&ssl=1&resize=350%2C200 1x, https:\/\/i0.wp.com\/wilktravel.de\/wp-content\/uploads\/2018\/04\/IMG_1326.jpg?fit=1200%2C900&ssl=1&resize=525%2C300 1.5x, https:\/\/i0.wp.com\/wilktravel.de\/wp-content\/uploads\/2018\/04\/IMG_1326.jpg?fit=1200%2C900&ssl=1&resize=700%2C400 2x, https:\/\/i0.wp.com\/wilktravel.de\/wp-content\/uploads\/2018\/04\/IMG_1326.jpg?fit=1200%2C900&ssl=1&resize=1050%2C600 3x"},"classes":[]},{"id":1996,"url":"https:\/\/wilktravel.de\/index.php\/reisen\/2019\/lahn-radtour-von-marburg-bis-lahnstein\/","url_meta":{"origin":13666,"position":5},"title":"Lahn- Radtour, von Marburg bis Lahnstein","author":"andreas","date":"11. Juni 2019","format":false,"excerpt":"Tag 1 In den 80 Jahren des letzten Jahrhunderts habe ich in Marburg an der Lahn studiert und noch immer Kontakt zu vielen ehemaligen Studienkollegen. Traditionell haben Alfred und ich zu Pfingsten eine Motorradtour gemacht, dieses Jahr entschlossen wir uns etwas Sportlicheres zu unternehmen, i.e. eine Fahrradtour an der Lahn\u2026","rel":"","context":"In &quot;Reisen&quot;","block_context":{"text":"Reisen","link":"https:\/\/wilktravel.de\/index.php\/category\/reisen\/"},"img":{"alt_text":"","src":"https:\/\/i0.wp.com\/wilktravel.de\/wp-content\/uploads\/2019\/06\/Limburg-Nepomuk.jpg?fit=1200%2C900&ssl=1&resize=350%2C200","width":350,"height":200,"srcset":"https:\/\/i0.wp.com\/wilktravel.de\/wp-content\/uploads\/2019\/06\/Limburg-Nepomuk.jpg?fit=1200%2C900&ssl=1&resize=350%2C200 1x, https:\/\/i0.wp.com\/wilktravel.de\/wp-content\/uploads\/2019\/06\/Limburg-Nepomuk.jpg?fit=1200%2C900&ssl=1&resize=525%2C300 1.5x, https:\/\/i0.wp.com\/wilktravel.de\/wp-content\/uploads\/2019\/06\/Limburg-Nepomuk.jpg?fit=1200%2C900&ssl=1&resize=700%2C400 2x, https:\/\/i0.wp.com\/wilktravel.de\/wp-content\/uploads\/2019\/06\/Limburg-Nepomuk.jpg?fit=1200%2C900&ssl=1&resize=1050%2C600 3x"},"classes":[]}],"jetpack_sharing_enabled":true,"jetpack_featured_media_url":"https:\/\/i0.wp.com\/wilktravel.de\/wp-content\/uploads\/2026\/09\/PortStanley1.jpg?fit=834%2C628&ssl=1","_links":{"self":[{"href":"https:\/\/wilktravel.de\/index.php\/wp-json\/wp\/v2\/posts\/13666","targetHints":{"allow":["GET"]}}],"collection":[{"href":"https:\/\/wilktravel.de\/index.php\/wp-json\/wp\/v2\/posts"}],"about":[{"href":"https:\/\/wilktravel.de\/index.php\/wp-json\/wp\/v2\/types\/post"}],"author":[{"embeddable":true,"href":"https:\/\/wilktravel.de\/index.php\/wp-json\/wp\/v2\/users\/1"}],"replies":[{"embeddable":true,"href":"https:\/\/wilktravel.de\/index.php\/wp-json\/wp\/v2\/comments?post=13666"}],"version-history":[{"count":2,"href":"https:\/\/wilktravel.de\/index.php\/wp-json\/wp\/v2\/posts\/13666\/revisions"}],"predecessor-version":[{"id":13668,"href":"https:\/\/wilktravel.de\/index.php\/wp-json\/wp\/v2\/posts\/13666\/revisions\/13668"}],"wp:featuredmedia":[{"embeddable":true,"href":"https:\/\/wilktravel.de\/index.php\/wp-json\/wp\/v2\/media\/13658"}],"wp:attachment":[{"href":"https:\/\/wilktravel.de\/index.php\/wp-json\/wp\/v2\/media?parent=13666"}],"wp:term":[{"taxonomy":"category","embeddable":true,"href":"https:\/\/wilktravel.de\/index.php\/wp-json\/wp\/v2\/categories?post=13666"},{"taxonomy":"post_tag","embeddable":true,"href":"https:\/\/wilktravel.de\/index.php\/wp-json\/wp\/v2\/tags?post=13666"}],"curies":[{"name":"wp","href":"https:\/\/api.w.org\/{rel}","templated":true}]}}