{"id":3668,"date":"2023-11-11T22:53:57","date_gmt":"2023-11-11T21:53:57","guid":{"rendered":"https:\/\/wilktravel.de\/?p=3668"},"modified":"2023-11-11T22:53:57","modified_gmt":"2023-11-11T21:53:57","slug":"peru-chile-arica-san-pedro-de-atacama","status":"publish","type":"post","link":"https:\/\/wilktravel.de\/index.php\/reisen\/2023\/peru-chile-arica-san-pedro-de-atacama\/","title":{"rendered":"Peru &#8211; Chile, Arica, San Pedro de Atacama"},"content":{"rendered":"<p>Irgendwie dachte ich es wird etwas ruhiger, nachdem wir die Highlights in Peru abgegrast haben. Da muss ich mich aber get\u00e4uscht haben: Von Cusco Peru aus sind wir mit einem \u00dcbernachtbus nach Tacna gefahren, dass ist die peruanische Grenzstadt zu Chile. Von dort aus sind wir mit einem Taxi etwa 20 km \u00fcber die Grenze nach Arica\/ Chile gefahren. Die Grenz\u00fcberquerung verlief v\u00f6llig unproblematisch: An einem Stand der peruanischen Beh\u00f6rden den Ausreisestempel in den Pass geben lassen, am n\u00e4chsten Stand der chilenischen Beh\u00f6rden den Einreisestempel plus Einreisekarte geben lassen und dann noch das Gep\u00e4ck zur Zollkontrolle durch einen Scanner schieben, fertig. Da \u00dcbernachtbusfahrten jedoch immer etwas erm\u00fcdend sind, haben wir noch eine Nacht in Arica zugebracht und festgestellt, dass dieses kleine Hafenst\u00e4dtchen ganz interessant ist: sie haben eine hohe Klippe, von wo aus man eine tolle Aussicht hat, diese Klippe spielte milit\u00e4risch bei verschiedenen Grenzkonflikten mit Peru eine wichtige Rolle, der Hafen ist der Hauptzugang des Binnenstaates Bolivien zum Meer (La Paz ist mit einer Eisenbahnlinie verbunden), das Kaff hatte in den 60er Jahren Spiele der Fussballweltmeisterschaft ausgerichtet und last not least wurde die kleine Stadtkirche von Gustave Eiffel, dem Erbauer des Eiffelturms in Paris gebaut.<br \/>\n<img data-recalc-dims=\"1\" decoding=\"async\" data-attachment-id=\"3671\" data-permalink=\"https:\/\/wilktravel.de\/index.php\/reisen\/2023\/peru-chile-arica-san-pedro-de-atacama\/attachment\/sanpetro10\/\" data-orig-file=\"https:\/\/i0.wp.com\/wilktravel.de\/wp-content\/uploads\/2023\/11\/SanPetro10.jpg?fit=832%2C624&amp;ssl=1\" data-orig-size=\"832,624\" data-comments-opened=\"1\" data-image-meta=\"{&quot;aperture&quot;:&quot;1.8&quot;,&quot;credit&quot;:&quot;&quot;,&quot;camera&quot;:&quot;HRY-LX1&quot;,&quot;caption&quot;:&quot;&quot;,&quot;created_timestamp&quot;:&quot;1699291431&quot;,&quot;copyright&quot;:&quot;&quot;,&quot;focal_length&quot;:&quot;3.6&quot;,&quot;iso&quot;:&quot;50&quot;,&quot;shutter_speed&quot;:&quot;0.000337&quot;,&quot;title&quot;:&quot;&quot;,&quot;orientation&quot;:&quot;1&quot;}\" data-image-title=\"SanPetro10\" data-image-description=\"\" data-image-caption=\"\" data-large-file=\"https:\/\/i0.wp.com\/wilktravel.de\/wp-content\/uploads\/2023\/11\/SanPetro10.jpg?fit=832%2C624&amp;ssl=1\" class=\"alignnone size-medium wp-image-3671\" src=\"https:\/\/i0.wp.com\/wilktravel.de\/wp-content\/uploads\/2023\/11\/SanPetro10.jpg?resize=300%2C225&#038;ssl=1\" alt=\"\" width=\"300\" height=\"225\" srcset=\"https:\/\/i0.wp.com\/wilktravel.de\/wp-content\/uploads\/2023\/11\/SanPetro10.jpg?resize=200%2C150&amp;ssl=1 200w, https:\/\/i0.wp.com\/wilktravel.de\/wp-content\/uploads\/2023\/11\/SanPetro10.jpg?resize=300%2C225&amp;ssl=1 300w, https:\/\/i0.wp.com\/wilktravel.de\/wp-content\/uploads\/2023\/11\/SanPetro10.jpg?resize=400%2C300&amp;ssl=1 400w, https:\/\/i0.wp.com\/wilktravel.de\/wp-content\/uploads\/2023\/11\/SanPetro10.jpg?resize=600%2C450&amp;ssl=1 600w, https:\/\/i0.wp.com\/wilktravel.de\/wp-content\/uploads\/2023\/11\/SanPetro10.jpg?resize=768%2C576&amp;ssl=1 768w, https:\/\/i0.wp.com\/wilktravel.de\/wp-content\/uploads\/2023\/11\/SanPetro10.jpg?resize=800%2C600&amp;ssl=1 800w, https:\/\/i0.wp.com\/wilktravel.de\/wp-content\/uploads\/2023\/11\/SanPetro10.jpg?w=832&amp;ssl=1 832w\" sizes=\"(max-width: 300px) 100vw, 300px\" \/><img data-recalc-dims=\"1\" decoding=\"async\" data-attachment-id=\"3670\" data-permalink=\"https:\/\/wilktravel.de\/index.php\/reisen\/2023\/peru-chile-arica-san-pedro-de-atacama\/attachment\/sanpetro11\/\" data-orig-file=\"https:\/\/i0.wp.com\/wilktravel.de\/wp-content\/uploads\/2023\/11\/SanPetro11.jpg?fit=832%2C624&amp;ssl=1\" data-orig-size=\"832,624\" data-comments-opened=\"1\" data-image-meta=\"{&quot;aperture&quot;:&quot;1.8&quot;,&quot;credit&quot;:&quot;&quot;,&quot;camera&quot;:&quot;HRY-LX1&quot;,&quot;caption&quot;:&quot;&quot;,&quot;created_timestamp&quot;:&quot;1699366886&quot;,&quot;copyright&quot;:&quot;&quot;,&quot;focal_length&quot;:&quot;3.6&quot;,&quot;iso&quot;:&quot;50&quot;,&quot;shutter_speed&quot;:&quot;0.000404&quot;,&quot;title&quot;:&quot;&quot;,&quot;orientation&quot;:&quot;1&quot;}\" data-image-title=\"SanPetro11\" data-image-description=\"\" data-image-caption=\"\" data-large-file=\"https:\/\/i0.wp.com\/wilktravel.de\/wp-content\/uploads\/2023\/11\/SanPetro11.jpg?fit=832%2C624&amp;ssl=1\" class=\"alignnone size-medium wp-image-3670\" src=\"https:\/\/i0.wp.com\/wilktravel.de\/wp-content\/uploads\/2023\/11\/SanPetro11.jpg?resize=300%2C225&#038;ssl=1\" alt=\"\" width=\"300\" height=\"225\" srcset=\"https:\/\/i0.wp.com\/wilktravel.de\/wp-content\/uploads\/2023\/11\/SanPetro11.jpg?resize=200%2C150&amp;ssl=1 200w, https:\/\/i0.wp.com\/wilktravel.de\/wp-content\/uploads\/2023\/11\/SanPetro11.jpg?resize=300%2C225&amp;ssl=1 300w, https:\/\/i0.wp.com\/wilktravel.de\/wp-content\/uploads\/2023\/11\/SanPetro11.jpg?resize=400%2C300&amp;ssl=1 400w, https:\/\/i0.wp.com\/wilktravel.de\/wp-content\/uploads\/2023\/11\/SanPetro11.jpg?resize=600%2C450&amp;ssl=1 600w, https:\/\/i0.wp.com\/wilktravel.de\/wp-content\/uploads\/2023\/11\/SanPetro11.jpg?resize=768%2C576&amp;ssl=1 768w, https:\/\/i0.wp.com\/wilktravel.de\/wp-content\/uploads\/2023\/11\/SanPetro11.jpg?resize=800%2C600&amp;ssl=1 800w, https:\/\/i0.wp.com\/wilktravel.de\/wp-content\/uploads\/2023\/11\/SanPetro11.jpg?w=832&amp;ssl=1 832w\" sizes=\"(max-width: 300px) 100vw, 300px\" \/><br \/>\nNach einem Tag Ruhe haben wir wieder einen \u00dcbernachtbus von Arica nach San Pedro de Atacama genommen. Dies war ein echtes Abenteuer, da wir mitten in der Nacht zweimal den Bus samt unserem Gep\u00e4ck verlassen mussten um durch eine Zollkontrolle zu kommen, wobei dort noch nicht einmal eine Grenze war. Bei einem Zwischenstopp wurden wir ohne Gep\u00e4ck am fr\u00fchen Morgen ganz aus dem Bus geschmissen, der mit unserem Gep\u00e4ck weiterfuhr. Die Kommunikation auf Spanisch ist f\u00fcr uns in Chile etwas schwierig, die Leute reden verdammt schnell und selbst wenn man sie bittet langsamer zu reden, ist der Akzent extrem gew\u00f6hnungsbed\u00fcrftig. In K\u00fcrze: die Kommunikation ist schwierig, Englisch beherrscht kaum jemand und Deutsch erst recht nicht. Irgendwie habe ich aber herausgefunden, dass der Bus nur kurz zum Tanken muss und dann wieder kommt. In der Tat war der Bus nach 30 Minuten wieder zur\u00fcck, wir konnten einsteigen und zu unserem Zwischenziel weiterreisen.<br \/>\nUnser Zwischenziel war wie gesagt San Pedro de Atacama. Wie der Name schon sagt ist dieser kleine Ort eine Oasenstadt in der Atacamaw\u00fcste. Diese W\u00fcste hat die geringste Niederschlagsmenge der Welt mit knapp 80mm\/ Jahr. Vor unserer Ankunft hat es angeblich 4 Jahre nicht geregnet. Wegen des klaren Himmels sind dort auch astronomische Observatorien ans\u00e4ssig, vor allem Alma (<a href=\"https:\/\/de.wikipedia.org\/wiki\/Atacama_Large_Millimeter\/submillimeter_Array\">link<\/a>). Der Name hat eine interessante Doppelbedeutung: Alma hei\u00dft auf Spanisch Seele. Der Ort San Pedro ist ansonsten nur touristisch orientiert, i.e. Hotels, Restaurants, Ramschl\u00e4den und jede Menge Reiseb\u00fcros. Die touristischen Angebote waren exakt der Grund weswegen wir den Abstecher hierhin gemacht haben und wir buchten folgende Touren:<br \/>\nLaguna Escondida (deutsch: versteckte Lagune): nach einer fast zweist\u00fcndigen Busfahrt erreichten wir einen Parkplatz, von wo aus man noch etwa 20 Minuten auf Holzplanken bis zu einer Lagune laufen musste. Inmitten der braunen, kargen Salzw\u00fcste sah das t\u00fcrkisblaue Wasser einfach verf\u00fchrerisch aus. Hier gibt es ansonsten \u00fcberhaupt keine Lebewesen, keine V\u00f6gel, keine Eidechsen, Schlangen, nichts. Das Wasser in der Lagune ist n\u00e4mlich extrem salzhaltig, etwa die hundertfache Menge Salz wie im Meerwasser. \u00c4hnlich wie im toten Meer in Israel\/ Jordanien ist hier ein Meereszugang abgetrennt worden und das verbleibende Meerwasser verdunstet, wobei die Salzkonzentration steigt. Nat\u00fcrlich mussten alle ein Bad nehmen, wobei es unm\u00f6glich ist unterzugehen, man treibt einfach an der Wasseroberfl\u00e4che. Die Wassertemperatur war mit 15\u00b0C doch recht frisch verglichen mit der Lufttemperatur von etwa 30\u00b0C.<\/p>\n<p><img data-recalc-dims=\"1\" decoding=\"async\" data-attachment-id=\"3682\" data-permalink=\"https:\/\/wilktravel.de\/index.php\/reisen\/2023\/peru-chile-arica-san-pedro-de-atacama\/attachment\/whatsapp-image-2023-11-09-at-13-13-37-1\/\" data-orig-file=\"https:\/\/i0.wp.com\/wilktravel.de\/wp-content\/uploads\/2023\/11\/WhatsApp-Image-2023-11-09-at-13.13.37-1-scaled.jpeg?fit=2560%2C1920&amp;ssl=1\" data-orig-size=\"2560,1920\" data-comments-opened=\"1\" data-image-meta=\"{&quot;aperture&quot;:&quot;0&quot;,&quot;credit&quot;:&quot;&quot;,&quot;camera&quot;:&quot;&quot;,&quot;caption&quot;:&quot;&quot;,&quot;created_timestamp&quot;:&quot;0&quot;,&quot;copyright&quot;:&quot;&quot;,&quot;focal_length&quot;:&quot;0&quot;,&quot;iso&quot;:&quot;0&quot;,&quot;shutter_speed&quot;:&quot;0&quot;,&quot;title&quot;:&quot;&quot;,&quot;orientation&quot;:&quot;0&quot;}\" data-image-title=\"WhatsApp Image 2023-11-09 at 13.13.37 (1)\" data-image-description=\"\" data-image-caption=\"\" data-large-file=\"https:\/\/i0.wp.com\/wilktravel.de\/wp-content\/uploads\/2023\/11\/WhatsApp-Image-2023-11-09-at-13.13.37-1-scaled.jpeg?fit=1024%2C768&amp;ssl=1\" class=\"alignnone size-medium wp-image-3682\" src=\"https:\/\/i0.wp.com\/wilktravel.de\/wp-content\/uploads\/2023\/11\/WhatsApp-Image-2023-11-09-at-13.13.37-1.jpeg?resize=300%2C225&#038;ssl=1\" alt=\"\" width=\"300\" height=\"225\" srcset=\"https:\/\/i0.wp.com\/wilktravel.de\/wp-content\/uploads\/2023\/11\/WhatsApp-Image-2023-11-09-at-13.13.37-1-scaled.jpeg?resize=200%2C150&amp;ssl=1 200w, https:\/\/i0.wp.com\/wilktravel.de\/wp-content\/uploads\/2023\/11\/WhatsApp-Image-2023-11-09-at-13.13.37-1-scaled.jpeg?resize=300%2C225&amp;ssl=1 300w, https:\/\/i0.wp.com\/wilktravel.de\/wp-content\/uploads\/2023\/11\/WhatsApp-Image-2023-11-09-at-13.13.37-1-scaled.jpeg?resize=400%2C300&amp;ssl=1 400w, https:\/\/i0.wp.com\/wilktravel.de\/wp-content\/uploads\/2023\/11\/WhatsApp-Image-2023-11-09-at-13.13.37-1-scaled.jpeg?resize=600%2C450&amp;ssl=1 600w, https:\/\/i0.wp.com\/wilktravel.de\/wp-content\/uploads\/2023\/11\/WhatsApp-Image-2023-11-09-at-13.13.37-1-scaled.jpeg?resize=768%2C576&amp;ssl=1 768w, https:\/\/i0.wp.com\/wilktravel.de\/wp-content\/uploads\/2023\/11\/WhatsApp-Image-2023-11-09-at-13.13.37-1-scaled.jpeg?resize=800%2C600&amp;ssl=1 800w, https:\/\/i0.wp.com\/wilktravel.de\/wp-content\/uploads\/2023\/11\/WhatsApp-Image-2023-11-09-at-13.13.37-1-scaled.jpeg?resize=1024%2C768&amp;ssl=1 1024w, https:\/\/i0.wp.com\/wilktravel.de\/wp-content\/uploads\/2023\/11\/WhatsApp-Image-2023-11-09-at-13.13.37-1-scaled.jpeg?resize=1200%2C900&amp;ssl=1 1200w, https:\/\/i0.wp.com\/wilktravel.de\/wp-content\/uploads\/2023\/11\/WhatsApp-Image-2023-11-09-at-13.13.37-1-scaled.jpeg?resize=1536%2C1152&amp;ssl=1 1536w, https:\/\/i0.wp.com\/wilktravel.de\/wp-content\/uploads\/2023\/11\/WhatsApp-Image-2023-11-09-at-13.13.37-1-scaled.jpeg?w=2400&amp;ssl=1 2400w\" sizes=\"(max-width: 300px) 100vw, 300px\" \/><br \/>\nGeysirfeld El Taito (<a href=\"https:\/\/en.wikipedia.org\/wiki\/El_Tatio\">link<\/a>)<br \/>\nSehr fr\u00fch am n\u00e4chsten Morgen ging es los zum n\u00e4chsten Tagestrip, das Geysirfeld El Taito, das wieder auf einer H\u00f6he von \u00fcber 4000 Metern liegt. Uns wurde geraten warme Sachen mitzunehmen und das war hilfreich, da wir in einem Schneesturm bei -1\u00b0C aus dem Bus ausstiegen. Leider waren die Wolken sehr tief und es war neblig, sodass wir die imposanten umliegenden Vulkangipfel leider nicht sehen konnten. So sind wir zwischen verschiedenen kleinen und gr\u00f6\u00dferen Geysiren herumgelaufen. Das Wasser kochte schon wegen der d\u00fcnnen H\u00f6henluft bei 85\u00b0C. Die Geysire waren nett anzuschauen, aber leider nicht vergleichbar mit Island oder dem Yellowstone Nationalpark in den USA. Trotzdem ist dies das h\u00f6chstgelegene Geysirfeld der Welt und ist mit der Anzahl der Geysire unter den top 10 weltweit. Interessant f\u00fcr mich als Chemiker war zu h\u00f6ren, dass das kochende Wasser gr\u00f6\u00dfere Mengen Arsen enth\u00e4lt welches die ablaufenden Gew\u00e4sser kontaminiert und die Gesundheit der Bev\u00f6lkerung hier negativ beeinflusst. Auch w\u00e4hrend der R\u00fcckfahrt nahm der Schneesturm nicht ab, der sich im w\u00e4rmeren Klima bei niedriger H\u00f6he in Regen verwandelte, sodass wir tats\u00e4chlich den ersten Regen seit vier Jahren in San Pedro miterlebten. Die Einwohner freuten sich wie die Kinder.<\/p>\n<p><img data-recalc-dims=\"1\" decoding=\"async\" data-attachment-id=\"3680\" data-permalink=\"https:\/\/wilktravel.de\/index.php\/reisen\/2023\/peru-chile-arica-san-pedro-de-atacama\/attachment\/sanpetro1\/\" data-orig-file=\"https:\/\/i0.wp.com\/wilktravel.de\/wp-content\/uploads\/2023\/11\/SanPetro1.jpg?fit=1037%2C778&amp;ssl=1\" data-orig-size=\"1037,778\" data-comments-opened=\"1\" data-image-meta=\"{&quot;aperture&quot;:&quot;5&quot;,&quot;credit&quot;:&quot;&quot;,&quot;camera&quot;:&quot;Canon PowerShot SX720 HS&quot;,&quot;caption&quot;:&quot;&quot;,&quot;created_timestamp&quot;:&quot;1699593230&quot;,&quot;copyright&quot;:&quot;&quot;,&quot;focal_length&quot;:&quot;20.225&quot;,&quot;iso&quot;:&quot;250&quot;,&quot;shutter_speed&quot;:&quot;0.02&quot;,&quot;title&quot;:&quot;&quot;,&quot;orientation&quot;:&quot;1&quot;}\" data-image-title=\"SanPetro1\" data-image-description=\"\" data-image-caption=\"\" data-large-file=\"https:\/\/i0.wp.com\/wilktravel.de\/wp-content\/uploads\/2023\/11\/SanPetro1.jpg?fit=1024%2C768&amp;ssl=1\" class=\"alignnone size-medium wp-image-3680\" src=\"https:\/\/i0.wp.com\/wilktravel.de\/wp-content\/uploads\/2023\/11\/SanPetro1.jpg?resize=300%2C225&#038;ssl=1\" alt=\"\" width=\"300\" height=\"225\" srcset=\"https:\/\/i0.wp.com\/wilktravel.de\/wp-content\/uploads\/2023\/11\/SanPetro1.jpg?resize=200%2C150&amp;ssl=1 200w, https:\/\/i0.wp.com\/wilktravel.de\/wp-content\/uploads\/2023\/11\/SanPetro1.jpg?resize=300%2C225&amp;ssl=1 300w, https:\/\/i0.wp.com\/wilktravel.de\/wp-content\/uploads\/2023\/11\/SanPetro1.jpg?resize=400%2C300&amp;ssl=1 400w, https:\/\/i0.wp.com\/wilktravel.de\/wp-content\/uploads\/2023\/11\/SanPetro1.jpg?resize=600%2C450&amp;ssl=1 600w, https:\/\/i0.wp.com\/wilktravel.de\/wp-content\/uploads\/2023\/11\/SanPetro1.jpg?resize=768%2C576&amp;ssl=1 768w, https:\/\/i0.wp.com\/wilktravel.de\/wp-content\/uploads\/2023\/11\/SanPetro1.jpg?resize=800%2C600&amp;ssl=1 800w, https:\/\/i0.wp.com\/wilktravel.de\/wp-content\/uploads\/2023\/11\/SanPetro1.jpg?resize=1024%2C768&amp;ssl=1 1024w, https:\/\/i0.wp.com\/wilktravel.de\/wp-content\/uploads\/2023\/11\/SanPetro1.jpg?w=1037&amp;ssl=1 1037w\" sizes=\"(max-width: 300px) 100vw, 300px\" \/><br \/>\nDen letzten Tagesausflug unternahmen wir zu verschiedenen Lagunen. Die erste Lagune beherbergte Scharen von Flamingos. Wir lernten, dass es hier drei Arten gibt, von insgesamt sechs weltweit. Die zweite Lagune lag wieder \u00fcber 4000m und mit einem z\u00fcnftigen Wind war es arschkalt. Nichtsdestotrotz war die Aussicht auf die t\u00fcrkisblaue Lagune mit den schneebedeckten Bergen und dem blauen Himmel mit Wolken sehr beeindruckend. Der F\u00fchrer erkl\u00e4rte, dass es ansonsten kaum Wolken in dieser Gegend gibt.<\/p>\n<p><img data-recalc-dims=\"1\" decoding=\"async\" data-attachment-id=\"3678\" data-permalink=\"https:\/\/wilktravel.de\/index.php\/reisen\/2023\/peru-chile-arica-san-pedro-de-atacama\/attachment\/sanpetro3\/\" data-orig-file=\"https:\/\/i0.wp.com\/wilktravel.de\/wp-content\/uploads\/2023\/11\/SanPetro3.jpg?fit=1037%2C778&amp;ssl=1\" data-orig-size=\"1037,778\" data-comments-opened=\"1\" data-image-meta=\"{&quot;aperture&quot;:&quot;4&quot;,&quot;credit&quot;:&quot;&quot;,&quot;camera&quot;:&quot;Canon PowerShot SX720 HS&quot;,&quot;caption&quot;:&quot;&quot;,&quot;created_timestamp&quot;:&quot;1699679213&quot;,&quot;copyright&quot;:&quot;&quot;,&quot;focal_length&quot;:&quot;7.487&quot;,&quot;iso&quot;:&quot;160&quot;,&quot;shutter_speed&quot;:&quot;0.004&quot;,&quot;title&quot;:&quot;&quot;,&quot;orientation&quot;:&quot;1&quot;}\" data-image-title=\"SanPetro3\" data-image-description=\"\" data-image-caption=\"\" data-large-file=\"https:\/\/i0.wp.com\/wilktravel.de\/wp-content\/uploads\/2023\/11\/SanPetro3.jpg?fit=1024%2C768&amp;ssl=1\" class=\"alignnone size-medium wp-image-3678\" src=\"https:\/\/i0.wp.com\/wilktravel.de\/wp-content\/uploads\/2023\/11\/SanPetro3.jpg?resize=300%2C225&#038;ssl=1\" alt=\"\" width=\"300\" height=\"225\" srcset=\"https:\/\/i0.wp.com\/wilktravel.de\/wp-content\/uploads\/2023\/11\/SanPetro3.jpg?resize=200%2C150&amp;ssl=1 200w, https:\/\/i0.wp.com\/wilktravel.de\/wp-content\/uploads\/2023\/11\/SanPetro3.jpg?resize=300%2C225&amp;ssl=1 300w, https:\/\/i0.wp.com\/wilktravel.de\/wp-content\/uploads\/2023\/11\/SanPetro3.jpg?resize=400%2C300&amp;ssl=1 400w, https:\/\/i0.wp.com\/wilktravel.de\/wp-content\/uploads\/2023\/11\/SanPetro3.jpg?resize=600%2C450&amp;ssl=1 600w, https:\/\/i0.wp.com\/wilktravel.de\/wp-content\/uploads\/2023\/11\/SanPetro3.jpg?resize=768%2C576&amp;ssl=1 768w, https:\/\/i0.wp.com\/wilktravel.de\/wp-content\/uploads\/2023\/11\/SanPetro3.jpg?resize=800%2C600&amp;ssl=1 800w, https:\/\/i0.wp.com\/wilktravel.de\/wp-content\/uploads\/2023\/11\/SanPetro3.jpg?resize=1024%2C768&amp;ssl=1 1024w, https:\/\/i0.wp.com\/wilktravel.de\/wp-content\/uploads\/2023\/11\/SanPetro3.jpg?w=1037&amp;ssl=1 1037w\" sizes=\"(max-width: 300px) 100vw, 300px\" \/><img data-recalc-dims=\"1\" decoding=\"async\" data-attachment-id=\"3673\" data-permalink=\"https:\/\/wilktravel.de\/index.php\/reisen\/2023\/peru-chile-arica-san-pedro-de-atacama\/attachment\/sanpetro8\/\" data-orig-file=\"https:\/\/i0.wp.com\/wilktravel.de\/wp-content\/uploads\/2023\/11\/SanPetro8.jpg?fit=1037%2C778&amp;ssl=1\" data-orig-size=\"1037,778\" data-comments-opened=\"1\" data-image-meta=\"{&quot;aperture&quot;:&quot;5&quot;,&quot;credit&quot;:&quot;&quot;,&quot;camera&quot;:&quot;Canon PowerShot SX720 HS&quot;,&quot;caption&quot;:&quot;&quot;,&quot;created_timestamp&quot;:&quot;1699698472&quot;,&quot;copyright&quot;:&quot;&quot;,&quot;focal_length&quot;:&quot;4.3&quot;,&quot;iso&quot;:&quot;80&quot;,&quot;shutter_speed&quot;:&quot;0.0008&quot;,&quot;title&quot;:&quot;&quot;,&quot;orientation&quot;:&quot;1&quot;}\" data-image-title=\"SanPetro8\" data-image-description=\"\" data-image-caption=\"\" data-large-file=\"https:\/\/i0.wp.com\/wilktravel.de\/wp-content\/uploads\/2023\/11\/SanPetro8.jpg?fit=1024%2C768&amp;ssl=1\" class=\"alignnone size-medium wp-image-3673\" src=\"https:\/\/i0.wp.com\/wilktravel.de\/wp-content\/uploads\/2023\/11\/SanPetro8.jpg?resize=300%2C225&#038;ssl=1\" alt=\"\" width=\"300\" height=\"225\" srcset=\"https:\/\/i0.wp.com\/wilktravel.de\/wp-content\/uploads\/2023\/11\/SanPetro8.jpg?resize=200%2C150&amp;ssl=1 200w, https:\/\/i0.wp.com\/wilktravel.de\/wp-content\/uploads\/2023\/11\/SanPetro8.jpg?resize=300%2C225&amp;ssl=1 300w, https:\/\/i0.wp.com\/wilktravel.de\/wp-content\/uploads\/2023\/11\/SanPetro8.jpg?resize=400%2C300&amp;ssl=1 400w, https:\/\/i0.wp.com\/wilktravel.de\/wp-content\/uploads\/2023\/11\/SanPetro8.jpg?resize=600%2C450&amp;ssl=1 600w, https:\/\/i0.wp.com\/wilktravel.de\/wp-content\/uploads\/2023\/11\/SanPetro8.jpg?resize=768%2C576&amp;ssl=1 768w, https:\/\/i0.wp.com\/wilktravel.de\/wp-content\/uploads\/2023\/11\/SanPetro8.jpg?resize=800%2C600&amp;ssl=1 800w, https:\/\/i0.wp.com\/wilktravel.de\/wp-content\/uploads\/2023\/11\/SanPetro8.jpg?resize=1024%2C768&amp;ssl=1 1024w, https:\/\/i0.wp.com\/wilktravel.de\/wp-content\/uploads\/2023\/11\/SanPetro8.jpg?w=1037&amp;ssl=1 1037w\" sizes=\"(max-width: 300px) 100vw, 300px\" \/><img data-recalc-dims=\"1\" decoding=\"async\" data-attachment-id=\"3675\" data-permalink=\"https:\/\/wilktravel.de\/index.php\/reisen\/2023\/peru-chile-arica-san-pedro-de-atacama\/attachment\/sanpetro6\/\" data-orig-file=\"https:\/\/i0.wp.com\/wilktravel.de\/wp-content\/uploads\/2023\/11\/SanPetro6.jpg?fit=1037%2C778&amp;ssl=1\" data-orig-size=\"1037,778\" data-comments-opened=\"1\" data-image-meta=\"{&quot;aperture&quot;:&quot;4&quot;,&quot;credit&quot;:&quot;&quot;,&quot;camera&quot;:&quot;Canon PowerShot SX720 HS&quot;,&quot;caption&quot;:&quot;&quot;,&quot;created_timestamp&quot;:&quot;1699690481&quot;,&quot;copyright&quot;:&quot;&quot;,&quot;focal_length&quot;:&quot;9.308&quot;,&quot;iso&quot;:&quot;80&quot;,&quot;shutter_speed&quot;:&quot;0.001&quot;,&quot;title&quot;:&quot;&quot;,&quot;orientation&quot;:&quot;1&quot;}\" data-image-title=\"SanPetro6\" data-image-description=\"\" data-image-caption=\"\" data-large-file=\"https:\/\/i0.wp.com\/wilktravel.de\/wp-content\/uploads\/2023\/11\/SanPetro6.jpg?fit=1024%2C768&amp;ssl=1\" class=\"alignnone size-medium wp-image-3675\" src=\"https:\/\/i0.wp.com\/wilktravel.de\/wp-content\/uploads\/2023\/11\/SanPetro6.jpg?resize=300%2C225&#038;ssl=1\" alt=\"\" width=\"300\" height=\"225\" srcset=\"https:\/\/i0.wp.com\/wilktravel.de\/wp-content\/uploads\/2023\/11\/SanPetro6.jpg?resize=200%2C150&amp;ssl=1 200w, https:\/\/i0.wp.com\/wilktravel.de\/wp-content\/uploads\/2023\/11\/SanPetro6.jpg?resize=300%2C225&amp;ssl=1 300w, https:\/\/i0.wp.com\/wilktravel.de\/wp-content\/uploads\/2023\/11\/SanPetro6.jpg?resize=400%2C300&amp;ssl=1 400w, https:\/\/i0.wp.com\/wilktravel.de\/wp-content\/uploads\/2023\/11\/SanPetro6.jpg?resize=600%2C450&amp;ssl=1 600w, https:\/\/i0.wp.com\/wilktravel.de\/wp-content\/uploads\/2023\/11\/SanPetro6.jpg?resize=768%2C576&amp;ssl=1 768w, https:\/\/i0.wp.com\/wilktravel.de\/wp-content\/uploads\/2023\/11\/SanPetro6.jpg?resize=800%2C600&amp;ssl=1 800w, https:\/\/i0.wp.com\/wilktravel.de\/wp-content\/uploads\/2023\/11\/SanPetro6.jpg?resize=1024%2C768&amp;ssl=1 1024w, https:\/\/i0.wp.com\/wilktravel.de\/wp-content\/uploads\/2023\/11\/SanPetro6.jpg?w=1037&amp;ssl=1 1037w\" sizes=\"(max-width: 300px) 100vw, 300px\" \/><\/p>\n<p>Zwei weitere Lagunen standen auf dem Programm, die nicht minder beeindruckend waren und zum Abschluss noch ein kurzer Stopp am s\u00fcdlichen Wendekreis (<a href=\"https:\/\/de.wikipedia.org\/wiki\/Wendekreis_(Breitenkreis)\">link<\/a>).<\/p>\n<p><img data-recalc-dims=\"1\" decoding=\"async\" data-attachment-id=\"3672\" data-permalink=\"https:\/\/wilktravel.de\/index.php\/reisen\/2023\/peru-chile-arica-san-pedro-de-atacama\/attachment\/sanpetro9\/\" data-orig-file=\"https:\/\/i0.wp.com\/wilktravel.de\/wp-content\/uploads\/2023\/11\/SanPetro9.jpg?fit=1037%2C778&amp;ssl=1\" data-orig-size=\"1037,778\" data-comments-opened=\"1\" data-image-meta=\"{&quot;aperture&quot;:&quot;4.5&quot;,&quot;credit&quot;:&quot;&quot;,&quot;camera&quot;:&quot;Canon PowerShot SX720 HS&quot;,&quot;caption&quot;:&quot;&quot;,&quot;created_timestamp&quot;:&quot;1699704834&quot;,&quot;copyright&quot;:&quot;&quot;,&quot;focal_length&quot;:&quot;13.192&quot;,&quot;iso&quot;:&quot;100&quot;,&quot;shutter_speed&quot;:&quot;0.0008&quot;,&quot;title&quot;:&quot;&quot;,&quot;orientation&quot;:&quot;1&quot;}\" data-image-title=\"SanPetro9\" data-image-description=\"\" data-image-caption=\"\" data-large-file=\"https:\/\/i0.wp.com\/wilktravel.de\/wp-content\/uploads\/2023\/11\/SanPetro9.jpg?fit=1024%2C768&amp;ssl=1\" class=\"alignnone size-medium wp-image-3672\" src=\"https:\/\/i0.wp.com\/wilktravel.de\/wp-content\/uploads\/2023\/11\/SanPetro9.jpg?resize=300%2C225&#038;ssl=1\" alt=\"\" width=\"300\" height=\"225\" srcset=\"https:\/\/i0.wp.com\/wilktravel.de\/wp-content\/uploads\/2023\/11\/SanPetro9.jpg?resize=200%2C150&amp;ssl=1 200w, https:\/\/i0.wp.com\/wilktravel.de\/wp-content\/uploads\/2023\/11\/SanPetro9.jpg?resize=300%2C225&amp;ssl=1 300w, https:\/\/i0.wp.com\/wilktravel.de\/wp-content\/uploads\/2023\/11\/SanPetro9.jpg?resize=400%2C300&amp;ssl=1 400w, https:\/\/i0.wp.com\/wilktravel.de\/wp-content\/uploads\/2023\/11\/SanPetro9.jpg?resize=600%2C450&amp;ssl=1 600w, https:\/\/i0.wp.com\/wilktravel.de\/wp-content\/uploads\/2023\/11\/SanPetro9.jpg?resize=768%2C576&amp;ssl=1 768w, https:\/\/i0.wp.com\/wilktravel.de\/wp-content\/uploads\/2023\/11\/SanPetro9.jpg?resize=800%2C600&amp;ssl=1 800w, https:\/\/i0.wp.com\/wilktravel.de\/wp-content\/uploads\/2023\/11\/SanPetro9.jpg?resize=1024%2C768&amp;ssl=1 1024w, https:\/\/i0.wp.com\/wilktravel.de\/wp-content\/uploads\/2023\/11\/SanPetro9.jpg?w=1037&amp;ssl=1 1037w\" sizes=\"(max-width: 300px) 100vw, 300px\" \/><\/p>\n<p>Morgen geht es dann per Bus weiter s\u00fcdlich Richtung Santiago, welches wir nur mit weiteren Zwischenstopps erreichen wollen.<\/p>\n","protected":false},"excerpt":{"rendered":"<p>Irgendwie dachte ich es wird etwas ruhiger, nachdem wir die  [&#8230;]<\/p>\n","protected":false},"author":1,"featured_media":3674,"comment_status":"open","ping_status":"open","sticky":false,"template":"","format":"standard","meta":{"jetpack_post_was_ever_published":false,"_jetpack_newsletter_access":"","_jetpack_dont_email_post_to_subs":false,"_jetpack_newsletter_tier_id":0,"_jetpack_memberships_contains_paywalled_content":false,"_jetpack_memberships_contains_paid_content":false,"footnotes":"","jetpack_publicize_message":"","jetpack_publicize_feature_enabled":true,"jetpack_social_post_already_shared":true,"jetpack_social_options":{"image_generator_settings":{"template":"highway","default_image_id":0,"font":"","enabled":false},"version":2}},"categories":[2],"tags":[240,239,241],"class_list":["post-3668","post","type-post","status-publish","format-standard","has-post-thumbnail","hentry","category-reisen","tag-arica","tag-chile","tag-san-pedro-de-atacama"],"jetpack_publicize_connections":[],"jetpack_featured_media_url":"https:\/\/i0.wp.com\/wilktravel.de\/wp-content\/uploads\/2023\/11\/SanPetro7.jpg?fit=1037%2C778&ssl=1","jetpack_shortlink":"https:\/\/wp.me\/p9cXHR-Xa","jetpack-related-posts":[{"id":3901,"url":"https:\/\/wilktravel.de\/index.php\/reisen\/2024\/mendoza-2024\/","url_meta":{"origin":3668,"position":0},"title":"Mendoza 2024","author":"andreas","date":"19. Februar 2024","format":false,"excerpt":"Vor 8 Jahren waren wir bereits einmal in Mendoza im Urlaub. Wir hatten dieses Jahr gehofft, hier oder in der N\u00e4he ein Workaway zu finden, aber leider war das nicht m\u00f6glich. Man kann eben nicht immer Gl\u00fcck haben. Also haben wir uns f\u00fcr einen Monat ein kleines Apartment in einer\u2026","rel":"","context":"In &quot;Reisen&quot;","block_context":{"text":"Reisen","link":"https:\/\/wilktravel.de\/index.php\/category\/reisen\/"},"img":{"alt_text":"","src":"https:\/\/i0.wp.com\/wilktravel.de\/wp-content\/uploads\/2024\/02\/Mendoza2.jpg?fit=1154%2C869&ssl=1&resize=350%2C200","width":350,"height":200,"srcset":"https:\/\/i0.wp.com\/wilktravel.de\/wp-content\/uploads\/2024\/02\/Mendoza2.jpg?fit=1154%2C869&ssl=1&resize=350%2C200 1x, https:\/\/i0.wp.com\/wilktravel.de\/wp-content\/uploads\/2024\/02\/Mendoza2.jpg?fit=1154%2C869&ssl=1&resize=525%2C300 1.5x, https:\/\/i0.wp.com\/wilktravel.de\/wp-content\/uploads\/2024\/02\/Mendoza2.jpg?fit=1154%2C869&ssl=1&resize=700%2C400 2x, https:\/\/i0.wp.com\/wilktravel.de\/wp-content\/uploads\/2024\/02\/Mendoza2.jpg?fit=1154%2C869&ssl=1&resize=1050%2C600 3x"},"classes":[]},{"id":4250,"url":"https:\/\/wilktravel.de\/index.php\/reisen\/2024\/weingut-in-chile-ade\/","url_meta":{"origin":3668,"position":1},"title":"Weingut in Chile ade","author":"andreas","date":"2. September 2024","format":false,"excerpt":"Mit den Besitzern des Weingutes haben wir vereinbart, dass wir auf ihre Hunde von Juni bis Anfang September f\u00fcr fast 3 Monate gegen freies Wohnen aufpassen. Uns wurde gesagt, dass sie planen am 1. oder 2. September wieder nach Hause zu kommen. Am 28ten August bekamen wir dann die Nachricht,\u2026","rel":"","context":"In &quot;Reisen&quot;","block_context":{"text":"Reisen","link":"https:\/\/wilktravel.de\/index.php\/category\/reisen\/"},"img":{"alt_text":"","src":"https:\/\/i0.wp.com\/wilktravel.de\/wp-content\/uploads\/2024\/09\/Poblacion_10.jpg?fit=1020%2C768&ssl=1&resize=350%2C200","width":350,"height":200,"srcset":"https:\/\/i0.wp.com\/wilktravel.de\/wp-content\/uploads\/2024\/09\/Poblacion_10.jpg?fit=1020%2C768&ssl=1&resize=350%2C200 1x, https:\/\/i0.wp.com\/wilktravel.de\/wp-content\/uploads\/2024\/09\/Poblacion_10.jpg?fit=1020%2C768&ssl=1&resize=525%2C300 1.5x, https:\/\/i0.wp.com\/wilktravel.de\/wp-content\/uploads\/2024\/09\/Poblacion_10.jpg?fit=1020%2C768&ssl=1&resize=700%2C400 2x"},"classes":[]},{"id":3693,"url":"https:\/\/wilktravel.de\/index.php\/reisen\/2023\/chile-antofagasta-la-serena-und-santiago\/","url_meta":{"origin":3668,"position":2},"title":"Chile: Antofagasta, La Serena und Santiago","author":"andreas","date":"20. November 2023","format":false,"excerpt":"Von der Atacamaw\u00fcste sind wir \u00fcber mehrere Stunden tags\u00fcber mit dem Bus nach Antofagasta, einer Hafenstadt, gefahren und kamen Sonntag abends an. Das Hotel war nett, sogar mit Meerblick, aber die allermeisten Restaurants hatten geschlossen. Nach l\u00e4ngerer Suche fanden wir eines, wo wir uns Burger g\u00f6nnten. Meiner war ein Dreifachburger\u2026","rel":"","context":"In &quot;Reisen&quot;","block_context":{"text":"Reisen","link":"https:\/\/wilktravel.de\/index.php\/category\/reisen\/"},"img":{"alt_text":"","src":"https:\/\/i0.wp.com\/wilktravel.de\/wp-content\/uploads\/2023\/11\/Santiago3.jpg?fit=1037%2C778&ssl=1&resize=350%2C200","width":350,"height":200,"srcset":"https:\/\/i0.wp.com\/wilktravel.de\/wp-content\/uploads\/2023\/11\/Santiago3.jpg?fit=1037%2C778&ssl=1&resize=350%2C200 1x, https:\/\/i0.wp.com\/wilktravel.de\/wp-content\/uploads\/2023\/11\/Santiago3.jpg?fit=1037%2C778&ssl=1&resize=525%2C300 1.5x, https:\/\/i0.wp.com\/wilktravel.de\/wp-content\/uploads\/2023\/11\/Santiago3.jpg?fit=1037%2C778&ssl=1&resize=700%2C400 2x"},"classes":[]},{"id":3736,"url":"https:\/\/wilktravel.de\/index.php\/reisen\/2024\/chile-carreterra-austral-1\/","url_meta":{"origin":3668,"position":3},"title":"Chile: Carreterra Austral 1","author":"andreas","date":"15. Januar 2024","format":false,"excerpt":"F\u00fcr l\u00e4ngere Zeit habe ich keine Aktualisierung unserer Reise erstellt. Das war einfach der Tatsache geschuldet, dass wir den ganzen Dezember auf einem Weingut in Chile verbracht haben, wo es nur sehr ruhig und entspannt zuging. Link: so sah es dort aus. Das \u00e4nderte sich schlagartig zu Beginn des Monats\u2026","rel":"","context":"In &quot;Reisen&quot;","block_context":{"text":"Reisen","link":"https:\/\/wilktravel.de\/index.php\/category\/reisen\/"},"img":{"alt_text":"","src":"https:\/\/i0.wp.com\/wilktravel.de\/wp-content\/uploads\/2024\/01\/Screenshot-2024-01-15-at-13-53-49-Laguna-Cerro-Castillo-Hike-Wanderung-Komoot.png?fit=514%2C685&ssl=1&resize=350%2C200","width":350,"height":200},"classes":[]},{"id":3763,"url":"https:\/\/wilktravel.de\/index.php\/reisen\/2024\/chile-carreterr-austral-2\/","url_meta":{"origin":3668,"position":4},"title":"Chile: Carreterra Austral 2","author":"andreas","date":"15. Januar 2024","format":false,"excerpt":"Link Erster Teil Bevor ich mit der Beschreibung unserer Erlebnisse fortfahre, hier noch ein Link auf einen \u00e4lteren Reisebericht in der FAS. In Villa Cerro Castillo wachte ich nach der anstrengenden Wanderung am Tag zuvor, morgens mit Muskelkater auf, trotzdem fuhren wir nach einem herzhaften Fr\u00fchst\u00fcck noch etwa 100 km\u2026","rel":"","context":"In &quot;Reisen&quot;","block_context":{"text":"Reisen","link":"https:\/\/wilktravel.de\/index.php\/category\/reisen\/"},"img":{"alt_text":"","src":"https:\/\/i0.wp.com\/wilktravel.de\/wp-content\/uploads\/2024\/01\/carreterrra38-300x225.jpg?resize=350%2C200&ssl=1","width":350,"height":200},"classes":[]},{"id":4146,"url":"https:\/\/wilktravel.de\/index.php\/reisen\/2024\/wieder-zurueck-in-chile-suedamerika\/","url_meta":{"origin":3668,"position":5},"title":"Wieder zur\u00fcck in Chile\/ S\u00fcdamerika","author":"andreas","date":"9. Juni 2024","format":false,"excerpt":"Nach etwas mehr als sechs Wochen in Kanada sind wir wieder auf das Weingut in Chile zur\u00fcckgekehrt. Unser Sohn besitzt ein gro\u00dfes Haus, sodass gen\u00fcgend Platz f\u00fcr die kleine Familie, Martina und mich sowie Freunde ist, die gelegentlich zu Besuch kamen. Wir fanden das Leben in Kanada sehr teuer, besonders\u2026","rel":"","context":"In &quot;Reisen&quot;","block_context":{"text":"Reisen","link":"https:\/\/wilktravel.de\/index.php\/category\/reisen\/"},"img":{"alt_text":"","src":"https:\/\/i0.wp.com\/wilktravel.de\/wp-content\/uploads\/2024\/06\/chile2024_1.jpg?fit=1020%2C768&ssl=1&resize=350%2C200","width":350,"height":200,"srcset":"https:\/\/i0.wp.com\/wilktravel.de\/wp-content\/uploads\/2024\/06\/chile2024_1.jpg?fit=1020%2C768&ssl=1&resize=350%2C200 1x, https:\/\/i0.wp.com\/wilktravel.de\/wp-content\/uploads\/2024\/06\/chile2024_1.jpg?fit=1020%2C768&ssl=1&resize=525%2C300 1.5x, https:\/\/i0.wp.com\/wilktravel.de\/wp-content\/uploads\/2024\/06\/chile2024_1.jpg?fit=1020%2C768&ssl=1&resize=700%2C400 2x"},"classes":[]}],"jetpack_sharing_enabled":true,"_links":{"self":[{"href":"https:\/\/wilktravel.de\/index.php\/wp-json\/wp\/v2\/posts\/3668","targetHints":{"allow":["GET"]}}],"collection":[{"href":"https:\/\/wilktravel.de\/index.php\/wp-json\/wp\/v2\/posts"}],"about":[{"href":"https:\/\/wilktravel.de\/index.php\/wp-json\/wp\/v2\/types\/post"}],"author":[{"embeddable":true,"href":"https:\/\/wilktravel.de\/index.php\/wp-json\/wp\/v2\/users\/1"}],"replies":[{"embeddable":true,"href":"https:\/\/wilktravel.de\/index.php\/wp-json\/wp\/v2\/comments?post=3668"}],"version-history":[{"count":2,"href":"https:\/\/wilktravel.de\/index.php\/wp-json\/wp\/v2\/posts\/3668\/revisions"}],"predecessor-version":[{"id":3683,"href":"https:\/\/wilktravel.de\/index.php\/wp-json\/wp\/v2\/posts\/3668\/revisions\/3683"}],"wp:featuredmedia":[{"embeddable":true,"href":"https:\/\/wilktravel.de\/index.php\/wp-json\/wp\/v2\/media\/3674"}],"wp:attachment":[{"href":"https:\/\/wilktravel.de\/index.php\/wp-json\/wp\/v2\/media?parent=3668"}],"wp:term":[{"taxonomy":"category","embeddable":true,"href":"https:\/\/wilktravel.de\/index.php\/wp-json\/wp\/v2\/categories?post=3668"},{"taxonomy":"post_tag","embeddable":true,"href":"https:\/\/wilktravel.de\/index.php\/wp-json\/wp\/v2\/tags?post=3668"}],"curies":[{"name":"wp","href":"https:\/\/api.w.org\/{rel}","templated":true}]}}