{"id":3801,"date":"2024-01-20T23:06:41","date_gmt":"2024-01-20T22:06:41","guid":{"rendered":"https:\/\/wilktravel.de\/?p=3801"},"modified":"2024-01-20T23:06:41","modified_gmt":"2024-01-20T22:06:41","slug":"was-hat-jim-knopf-und-lukas-der-lokomotivfuehrer-mit-feuerland-zu-tun","status":"publish","type":"post","link":"https:\/\/wilktravel.de\/index.php\/reisen\/2024\/was-hat-jim-knopf-und-lukas-der-lokomotivfuehrer-mit-feuerland-zu-tun\/","title":{"rendered":"Was hat Jim Knopf und Lukas der Lokomotivf\u00fchrer mit Feuerland zu tun?"},"content":{"rendered":"<p>Die Carrterra Austral (<a href=\"https:\/\/wp.me\/p9cXHR-Yg\">siehe link<\/a>) haben wir erfolgreich mit einer letzten Wanderung im Parque Nacional de Pumalin abgeschlossen:<br \/>\n<iframe src=\"https:\/\/www.komoot.de\/tour\/1416520139\/embed?profile=1&amp;share_token=a6pJ7wW4LivV5Q0qgsUTWP3Np6IHWFwF8lbGBq7f6rSvwY1skk\" width=\"100%\" height=\"700\" frameborder=\"0\" scrolling=\"no\"><\/iframe><\/p>\n<p>Martina hatte die 3 F\u00e4den meiner Kopfwunde von meinem Fall f\u00fcnf Tage zuvor fast scherzfrei gezogen. Die Wunde verheilt gut. Den Mietwagen haben wir zwar dreckig aber ohne offensichtliche Sch\u00e4den in Puerto Montt abgegeben und sind am n\u00e4chsten Morgen fr\u00fch nach Punta Arenas ganz in den S\u00fcden von Chile geflogen. Das Wetter war generell sch\u00f6n, aber es herrschte ein unglaublicher Wind. Im Toristen Informationsb\u00fcro warnten sie einen nicht am Strand weggeblasen zu werden und man musste sich in den Wind lehnen um vorw\u00e4rts zu kommen. Hier besuchten wir das etwa 8 km au\u00dferhalb gelegene Museum <a href=\"https:\/\/de.wikipedia.org\/wiki\/Museo_Nao_Victoria\">Museo Nao Victoria<\/a>, Dort befinden sich Nachbauten der Schiffe Nao Victoria und der HMS Beagle. Mit der Nao Victoria war Fernando Magellan im 16ten Jahrhundert die erste Weltumsegelung gelungen und die HMS Beagle war das Schiff mit dem Charles Darwin um die Welt gesegelt ist, und die dabei gewonnen Erkentnisse zur Entwicklung der Evolutionstheorie benutzt hatte. Ich fand es schon \u00fcberraschend wie klein die Schiffe waren und wie mutig die damaligen Forscher und Entdecker doch sein mussten um sich mit diesen Nussschalen auf das Meer zu trauen, letztlich ohne zu wissen was sie erwartete. Auf der Beagle befand sich ein Eingeborener aus Feuerland, der w\u00e4hrend der ersten Reise der Beagle als Geisel entf\u00fchrt wurde und auf Englisch <a href=\"https:\/\/de.wikipedia.org\/wiki\/Jemmy_Button\">Jammy Button<\/a> hie\u00df, weil ihn der Kapit\u00e4n der Beagle wohl f\u00fcr einen Perlenknopf seinen Eltern abgekauft hatte und dann mit nach England nahm. Bei der zweiten Reise, wo Darwin dabei war wurde er wohl zur\u00fcck nach Feuerland gebracht. Diese Geschichte soll wohl Vorlage f\u00fcr das Kinderbuch von Michael Ende Jim Knopf und Lukas der Lokomotivf\u00fchrer sein, wo Michael Ende (Jim and Jammy klingen \u00e4hnlich und button ist auf Englisch Knopf) damit wohl ein Zeichen gegen den Rassismus der Nazizeit setzen wollte.<\/p>\n<p>Nachmittags haben wir dann noch die <a href=\"https:\/\/cervezaaustral.cl\/\">Austral Brauerei<\/a> besucht, die s\u00fcdlichste Brauerei der Welt. Diese Brauerei wurde vor mehr als 120 Jahren von einem ausgewanderten Deutschen gegr\u00fcndet und noch heute benutzt man dort ausschlie\u00dflich Hopfen und Hefe aus Deutschland. Sogar einer \u00e4ltere Dose K\u00f6nigs Bier hatten sie in einer Auslage. Nach einer F\u00fchrung durch die Produktion und die Qualit\u00e4tskontrolle durften wir eine Kostprobe der verschiedenen produzierten Biere degustieren. Generell war der Geschmack gut nur das &#8222;Rhababerbier&#8220; wollte nicht so recht an mich, das steht aber intern eh auf der Abschussliste.<br \/>\nN\u00e4chsten Dienstag planen wir Chile\u00a0 mit dem Bus in Richtung Ushuaia in Argentinien zu verlassen. In Chile waren wir f\u00fcr fast 3 Monate und haben tolle Eindr\u00fccke gewinnen k\u00f6nnen: im Norden die Atacama W\u00fcste, dann verschiedene St\u00e4dte am Meer (Antofagasta und Las Serenas), Santiago die Hauptstadt, der Aufenthalt auf dem Weingut und schlie\u00dflich Punta Arenas, eine kleine Stadt ganz im S\u00fcden.\u00a0 Vor unserem Aufenthalt hatte ich so gar keine Vorstellung von Chile und wenn, dann eher schlechte, wie etwa die deutsche Siedlung &#8222;<a href=\"https:\/\/de.wikipedia.org\/wiki\/Colonia_Dignidad\">Colonia Dignidad<\/a>&#8222;, wo ein Deutscher in einer von ihm gegr\u00fcndeten eingez\u00e4unten Stadt\u00a0 in Chile sich Menschen gef\u00fcgig gemacht, Kinder missbraucht hat, sowie den Diktator Pinochet unterst\u00fctzt hat, indem er dort Misshandlungen von Pinochets Gegnern erlaubte. Chile ist ein ganz tolles Land mit einer vielf\u00e4ltigen Kultur, sehr netten Menschen und viel sehenswerter Natur.<\/p>\n","protected":false},"excerpt":{"rendered":"<p>Die Carrterra Austral (siehe link) haben wir erfolgreich mit einer  [&#8230;]<\/p>\n","protected":false},"author":1,"featured_media":3816,"comment_status":"open","ping_status":"open","sticky":false,"template":"","format":"standard","meta":{"jetpack_post_was_ever_published":false,"_jetpack_newsletter_access":"","_jetpack_dont_email_post_to_subs":false,"_jetpack_newsletter_tier_id":0,"_jetpack_memberships_contains_paywalled_content":false,"_jetpack_memberships_contains_paid_content":false,"footnotes":"","jetpack_publicize_message":"","jetpack_publicize_feature_enabled":true,"jetpack_social_post_already_shared":true,"jetpack_social_options":{"image_generator_settings":{"template":"highway","default_image_id":0,"font":"","enabled":false},"version":2}},"categories":[2],"tags":[255,254,257,258,256],"class_list":["post-3801","post","type-post","status-publish","format-standard","has-post-thumbnail","hentry","category-reisen","tag-beagle","tag-brauerei","tag-darwin","tag-magellan","tag-nau-victoria"],"jetpack_publicize_connections":[],"jetpack_featured_media_url":"https:\/\/i0.wp.com\/wilktravel.de\/wp-content\/uploads\/2024\/01\/puntaarenas2.jpg?fit=832%2C624&ssl=1","jetpack_shortlink":"https:\/\/wp.me\/p9cXHR-Zj","jetpack-related-posts":[{"id":2740,"url":"https:\/\/wilktravel.de\/index.php\/reisen\/2021\/tauchen-in-suedfrankreich-2021\/","url_meta":{"origin":3801,"position":0},"title":"Tauchen in S\u00fcdfrankreich 2021","author":"andreas","date":"10. Oktober 2021","format":false,"excerpt":"S\u00fcdfrankreich und nicht in Giens tauchen? Nach \u00fcber 35 Jahren in denen wir sehr regelm\u00e4\u00dfig in Giens zum Tauchen weilten, entschlossen wir uns 2021 auch einmal etwas anderes zu sehen. Obligatorisch war nat\u00fcrlich eine K\u00fcste mit vielen Wracks. In der Vergangenheit hatte ich schon viel \u00fcber die Wracks vor Marseille\u2026","rel":"","context":"In &quot;Reisen&quot;","block_context":{"text":"Reisen","link":"https:\/\/wilktravel.de\/index.php\/category\/reisen\/"},"img":{"alt_text":"","src":"https:\/\/i0.wp.com\/wilktravel.de\/wp-content\/uploads\/2021\/10\/imagex003.jpg?fit=1200%2C900&ssl=1&resize=350%2C200","width":350,"height":200,"srcset":"https:\/\/i0.wp.com\/wilktravel.de\/wp-content\/uploads\/2021\/10\/imagex003.jpg?fit=1200%2C900&ssl=1&resize=350%2C200 1x, https:\/\/i0.wp.com\/wilktravel.de\/wp-content\/uploads\/2021\/10\/imagex003.jpg?fit=1200%2C900&ssl=1&resize=525%2C300 1.5x, https:\/\/i0.wp.com\/wilktravel.de\/wp-content\/uploads\/2021\/10\/imagex003.jpg?fit=1200%2C900&ssl=1&resize=700%2C400 2x, https:\/\/i0.wp.com\/wilktravel.de\/wp-content\/uploads\/2021\/10\/imagex003.jpg?fit=1200%2C900&ssl=1&resize=1050%2C600 3x"},"classes":[]},{"id":2029,"url":"https:\/\/wilktravel.de\/index.php\/reisen\/2019\/california-calling-3-woechige-dienstreise-nach-amerika\/","url_meta":{"origin":3801,"position":1},"title":"California Calling &#8211; 3 w\u00f6chige Dienstreise nach Amerika","author":"andreas","date":"27. Juli 2019","format":false,"excerpt":"","rel":"","context":"In &quot;Reisen&quot;","block_context":{"text":"Reisen","link":"https:\/\/wilktravel.de\/index.php\/category\/reisen\/"},"img":{"alt_text":"","src":"https:\/\/i0.wp.com\/wilktravel.de\/wp-content\/uploads\/2019\/07\/image001.jpg?fit=1200%2C676&ssl=1&resize=350%2C200","width":350,"height":200,"srcset":"https:\/\/i0.wp.com\/wilktravel.de\/wp-content\/uploads\/2019\/07\/image001.jpg?fit=1200%2C676&ssl=1&resize=350%2C200 1x, https:\/\/i0.wp.com\/wilktravel.de\/wp-content\/uploads\/2019\/07\/image001.jpg?fit=1200%2C676&ssl=1&resize=525%2C300 1.5x, https:\/\/i0.wp.com\/wilktravel.de\/wp-content\/uploads\/2019\/07\/image001.jpg?fit=1200%2C676&ssl=1&resize=700%2C400 2x, https:\/\/i0.wp.com\/wilktravel.de\/wp-content\/uploads\/2019\/07\/image001.jpg?fit=1200%2C676&ssl=1&resize=1050%2C600 3x"},"classes":[]},{"id":2345,"url":"https:\/\/wilktravel.de\/index.php\/reisen\/2020\/altmuehlradtour\/","url_meta":{"origin":3801,"position":2},"title":"Altm\u00fchlradtour","author":"andreas","date":"3. Juli 2020","format":false,"excerpt":"Nachdem Roland, Alfred und ich als alte Studienfreunde letztes Jahr entlang der Lahn von Marburg nach Lahnstein geradelt sind, haben wir uns dieses Jahr die Altm\u00fchl vorgenommen und wollten innerhalb von drei Tagen von Rothenburg ob der Tauber zur Quelle und dann dem Fluss folgend zur M\u00fcndung nach Kelheim an\u2026","rel":"","context":"In &quot;Reisen&quot;","block_context":{"text":"Reisen","link":"https:\/\/wilktravel.de\/index.php\/category\/reisen\/"},"img":{"alt_text":"","src":"https:\/\/i0.wp.com\/wilktravel.de\/wp-content\/uploads\/2020\/06\/altmuehl.png?fit=640%2C580&ssl=1&resize=350%2C200","width":350,"height":200,"srcset":"https:\/\/i0.wp.com\/wilktravel.de\/wp-content\/uploads\/2020\/06\/altmuehl.png?fit=640%2C580&ssl=1&resize=350%2C200 1x, https:\/\/i0.wp.com\/wilktravel.de\/wp-content\/uploads\/2020\/06\/altmuehl.png?fit=640%2C580&ssl=1&resize=525%2C300 1.5x"},"classes":[]},{"id":3763,"url":"https:\/\/wilktravel.de\/index.php\/reisen\/2024\/chile-carreterr-austral-2\/","url_meta":{"origin":3801,"position":3},"title":"Chile: Carreterra Austral 2","author":"andreas","date":"15. Januar 2024","format":false,"excerpt":"Link Erster Teil Bevor ich mit der Beschreibung unserer Erlebnisse fortfahre, hier noch ein Link auf einen \u00e4lteren Reisebericht in der FAS. In Villa Cerro Castillo wachte ich nach der anstrengenden Wanderung am Tag zuvor, morgens mit Muskelkater auf, trotzdem fuhren wir nach einem herzhaften Fr\u00fchst\u00fcck noch etwa 100 km\u2026","rel":"","context":"In &quot;Reisen&quot;","block_context":{"text":"Reisen","link":"https:\/\/wilktravel.de\/index.php\/category\/reisen\/"},"img":{"alt_text":"","src":"https:\/\/i0.wp.com\/wilktravel.de\/wp-content\/uploads\/2024\/01\/carreterrra38-300x225.jpg?resize=350%2C200&ssl=1","width":350,"height":200},"classes":[]},{"id":4068,"url":"https:\/\/wilktravel.de\/index.php\/reisen\/2024\/bayahibe-in-der-dominikanischen-republik\/","url_meta":{"origin":3801,"position":4},"title":"Bayahibe in der Dominikanischen Republik","author":"andreas","date":"13. April 2024","format":false,"excerpt":"Die Dominikanische Republik ist vorerst das letzte Land, das wir auf unserer Weltreise besuchen, bevor es n\u00e4chste Woche Freitag zun\u00e4chst f\u00fcr einige Wochen nach Kanada geht. Dort ist gerade unser erstes Enkelkind zur Welt gekommen: Leonora Rose Wilk. Sie scheint ein kr\u00e4ftiges Stimmchen zu haben, also gute Lungen \u2013 das\u2026","rel":"","context":"In &quot;Reisen&quot;","block_context":{"text":"Reisen","link":"https:\/\/wilktravel.de\/index.php\/category\/reisen\/"},"img":{"alt_text":"","src":"https:\/\/i0.wp.com\/wilktravel.de\/wp-content\/uploads\/2024\/04\/DomRep2.jpg?fit=832%2C624&ssl=1&resize=350%2C200","width":350,"height":200,"srcset":"https:\/\/i0.wp.com\/wilktravel.de\/wp-content\/uploads\/2024\/04\/DomRep2.jpg?fit=832%2C624&ssl=1&resize=350%2C200 1x, https:\/\/i0.wp.com\/wilktravel.de\/wp-content\/uploads\/2024\/04\/DomRep2.jpg?fit=832%2C624&ssl=1&resize=525%2C300 1.5x, https:\/\/i0.wp.com\/wilktravel.de\/wp-content\/uploads\/2024\/04\/DomRep2.jpg?fit=832%2C624&ssl=1&resize=700%2C400 2x"},"classes":[]},{"id":4221,"url":"https:\/\/wilktravel.de\/index.php\/reisen\/2024\/wie-ergeht-es-uns-auf-dem-weingut-in-chile\/","url_meta":{"origin":3801,"position":5},"title":"Wie ergeht es uns auf dem Weingut in Chile?","author":"andreas","date":"25. Juli 2024","format":false,"excerpt":"Nach meiner R\u00fcckkehr nach Chile gab es einige medizinische Probleme: 1. Martina hatte sich eine heftige Bronchitis\/Covid? zugezogen. 2. Einer der f\u00fcnf Hunde, auf die wir aufpassen sollen, hatte sich einen tiefen Schnitt im Fell zugezogen, der vom Tierarzt gen\u00e4ht werden musste. Ein paar Tage sp\u00e4ter hatte ich ebenfalls die\u2026","rel":"","context":"In &quot;Reisen&quot;","block_context":{"text":"Reisen","link":"https:\/\/wilktravel.de\/index.php\/category\/reisen\/"},"img":{"alt_text":"","src":"https:\/\/i0.wp.com\/wilktravel.de\/wp-content\/uploads\/2024\/07\/Poblacion_1.jpg?fit=1020%2C768&ssl=1&resize=350%2C200","width":350,"height":200,"srcset":"https:\/\/i0.wp.com\/wilktravel.de\/wp-content\/uploads\/2024\/07\/Poblacion_1.jpg?fit=1020%2C768&ssl=1&resize=350%2C200 1x, https:\/\/i0.wp.com\/wilktravel.de\/wp-content\/uploads\/2024\/07\/Poblacion_1.jpg?fit=1020%2C768&ssl=1&resize=525%2C300 1.5x, https:\/\/i0.wp.com\/wilktravel.de\/wp-content\/uploads\/2024\/07\/Poblacion_1.jpg?fit=1020%2C768&ssl=1&resize=700%2C400 2x"},"classes":[]}],"jetpack_sharing_enabled":true,"_links":{"self":[{"href":"https:\/\/wilktravel.de\/index.php\/wp-json\/wp\/v2\/posts\/3801","targetHints":{"allow":["GET"]}}],"collection":[{"href":"https:\/\/wilktravel.de\/index.php\/wp-json\/wp\/v2\/posts"}],"about":[{"href":"https:\/\/wilktravel.de\/index.php\/wp-json\/wp\/v2\/types\/post"}],"author":[{"embeddable":true,"href":"https:\/\/wilktravel.de\/index.php\/wp-json\/wp\/v2\/users\/1"}],"replies":[{"embeddable":true,"href":"https:\/\/wilktravel.de\/index.php\/wp-json\/wp\/v2\/comments?post=3801"}],"version-history":[{"count":3,"href":"https:\/\/wilktravel.de\/index.php\/wp-json\/wp\/v2\/posts\/3801\/revisions"}],"predecessor-version":[{"id":3819,"href":"https:\/\/wilktravel.de\/index.php\/wp-json\/wp\/v2\/posts\/3801\/revisions\/3819"}],"wp:featuredmedia":[{"embeddable":true,"href":"https:\/\/wilktravel.de\/index.php\/wp-json\/wp\/v2\/media\/3816"}],"wp:attachment":[{"href":"https:\/\/wilktravel.de\/index.php\/wp-json\/wp\/v2\/media?parent=3801"}],"wp:term":[{"taxonomy":"category","embeddable":true,"href":"https:\/\/wilktravel.de\/index.php\/wp-json\/wp\/v2\/categories?post=3801"},{"taxonomy":"post_tag","embeddable":true,"href":"https:\/\/wilktravel.de\/index.php\/wp-json\/wp\/v2\/tags?post=3801"}],"curies":[{"name":"wp","href":"https:\/\/api.w.org\/{rel}","templated":true}]}}