{"id":4221,"date":"2024-07-25T20:55:21","date_gmt":"2024-07-25T18:55:21","guid":{"rendered":"https:\/\/wilktravel.de\/?p=4221"},"modified":"2024-08-25T01:09:02","modified_gmt":"2024-08-24T23:09:02","slug":"wie-ergeht-es-uns-auf-dem-weingut-in-chile","status":"publish","type":"post","link":"https:\/\/wilktravel.de\/index.php\/reisen\/2024\/wie-ergeht-es-uns-auf-dem-weingut-in-chile\/","title":{"rendered":"Wie ergeht es uns auf dem Weingut in Chile?"},"content":{"rendered":"<p>Nach meiner R\u00fcckkehr nach Chile gab es einige medizinische Probleme:<\/p>\n<p>1. Martina hatte sich eine heftige Bronchitis\/Covid? zugezogen.<\/p>\n<p>2. Einer der f\u00fcnf Hunde, auf die wir aufpassen sollen, hatte sich einen tiefen Schnitt im Fell zugezogen, der vom Tierarzt gen\u00e4ht werden musste.<\/p>\n<p>Ein paar Tage sp\u00e4ter hatte ich ebenfalls die Bronchitis, und der Hund hatte die unangenehme Eigenschaft, st\u00e4ndig an der Wunde zu lecken, was die Heilung verhinderte. Daher mussten wir ihm einen Plastiktrichter \u00fcber den Hals ziehen, den der Hund \u00fcberhaupt nicht mochte.<\/p>\n<p><img data-recalc-dims=\"1\" decoding=\"async\" data-attachment-id=\"4231\" data-permalink=\"https:\/\/wilktravel.de\/index.php\/reisen\/2024\/wie-ergeht-es-uns-auf-dem-weingut-in-chile\/attachment\/cookie-cutter\/\" data-orig-file=\"https:\/\/i0.wp.com\/wilktravel.de\/wp-content\/uploads\/2024\/07\/Cookie-cutter.jpg?fit=205%2C246&amp;ssl=1\" data-orig-size=\"205,246\" data-comments-opened=\"1\" data-image-meta=\"{&quot;aperture&quot;:&quot;0&quot;,&quot;credit&quot;:&quot;&quot;,&quot;camera&quot;:&quot;&quot;,&quot;caption&quot;:&quot;&quot;,&quot;created_timestamp&quot;:&quot;0&quot;,&quot;copyright&quot;:&quot;&quot;,&quot;focal_length&quot;:&quot;0&quot;,&quot;iso&quot;:&quot;0&quot;,&quot;shutter_speed&quot;:&quot;0&quot;,&quot;title&quot;:&quot;&quot;,&quot;orientation&quot;:&quot;0&quot;}\" data-image-title=\"Cookie cutter\" data-image-description=\"\" data-image-caption=\"\" data-large-file=\"https:\/\/i0.wp.com\/wilktravel.de\/wp-content\/uploads\/2024\/07\/Cookie-cutter.jpg?fit=205%2C246&amp;ssl=1\" class=\" wp-image-4231 aligncenter\" src=\"https:\/\/i0.wp.com\/wilktravel.de\/wp-content\/uploads\/2024\/07\/Cookie-cutter.jpg?resize=290%2C348&#038;ssl=1\" alt=\"\" width=\"290\" height=\"348\" srcset=\"https:\/\/i0.wp.com\/wilktravel.de\/wp-content\/uploads\/2024\/07\/Cookie-cutter.jpg?resize=200%2C240&amp;ssl=1 200w, https:\/\/i0.wp.com\/wilktravel.de\/wp-content\/uploads\/2024\/07\/Cookie-cutter.jpg?w=205&amp;ssl=1 205w\" sizes=\"(max-width: 290px) 100vw, 290px\" \/><\/p>\n<p>Als es Zeit war, die N\u00e4hte zu entfernen, war die Wunde wegen des st\u00e4ndigen Leckens stark verkrustet, sodass die F\u00e4den in der Kruste eingewachsen waren. Die Tier\u00e4rztin empfahl, die Kruste mit Wasserstoffperoxid zu behandeln, was tats\u00e4chlich dazu f\u00fchrte, dass sich die Kruste aufl\u00f6ste und Martina die F\u00e4den entfernen konnte. Es war schwer zu sagen, wer nach dieser Prozedur gl\u00fccklicher war \u2013 Martina oder der Hund, der nun keinen Trichter mehr tragen musste.<\/p>\n<p>Wir haben eine Auslandskrankenversicherung mit einer App, die uns die n\u00e4chstgelegenen \u00c4rzte anzeigt, die zumindest Englisch sprechen. Im Umkreis von 50 km war jedoch keiner verf\u00fcgbar. Donnerstag ist immer Markttag im 10 km entfernten St\u00e4dtchen, wo wir regelm\u00e4\u00dfig Obst und Gem\u00fcse einkaufen. Nach dem Markt ging ich in eine lokale Apotheke, um ein Hustenmittel zu kaufen. Die Diskussion verlief wie folgt:<\/p>\n<p>Ich: \u201eNecesito medicamento contra la tos\u201c (Ich brauche ein Medikament <strong>gegen<\/strong> Husten).<\/p>\n<p>Der Apotheker: \u201eMedicamento para la tos\u201c (Ein Medikament <strong>f\u00fcr<\/strong> den Husten).<\/p>\n<p>Ich: \u201eNo, medicamento contra la tos\u201c (Nein, ein Medikament gegen den Husten).<\/p>\n<p>Nat\u00fcrlich war das Haarspalterei, denn auf Spanisch hei\u00dft es tats\u00e4chlich \u201eun medicamento para la tos\u201c. Der Apotheker legte mir ein Naturmittel auf den Tresen. Ich sagte, dass ich lieber \u201eN-Acetyl Cystein\u201c h\u00e4tte. Der Apotheker nickte und fragte, woher ich komme. Als ich \u201eDeutschland\u201c sagte, begann er, mir in gebrochenem Deutsch zu antworten: \u201eGuten Tag, gute Nacht, auf Wiedersehen&#8230;\u201c. Das ist doch immer wieder am\u00fcsant.<\/p>\n","protected":false},"excerpt":{"rendered":"<p>Nach meiner R\u00fcckkehr nach Chile gab es einige medizinische Probleme:  [&#8230;]<\/p>\n","protected":false},"author":1,"featured_media":4223,"comment_status":"open","ping_status":"open","sticky":false,"template":"","format":"standard","meta":{"jetpack_post_was_ever_published":false,"_jetpack_newsletter_access":"","_jetpack_dont_email_post_to_subs":false,"_jetpack_newsletter_tier_id":0,"_jetpack_memberships_contains_paywalled_content":false,"_jetpack_memberships_contains_paid_content":false,"footnotes":"","jetpack_publicize_message":"","jetpack_publicize_feature_enabled":true,"jetpack_social_post_already_shared":true,"jetpack_social_options":{"image_generator_settings":{"template":"highway","default_image_id":0,"font":"","enabled":false},"version":2}},"categories":[2],"tags":[308,307,306,309],"class_list":["post-4221","post","type-post","status-publish","format-standard","has-post-thumbnail","hentry","category-reisen","tag-apotheke","tag-bronchitis","tag-krank","tag-markt"],"jetpack_publicize_connections":[],"jetpack_featured_media_url":"https:\/\/i0.wp.com\/wilktravel.de\/wp-content\/uploads\/2024\/07\/Poblacion_1.jpg?fit=1020%2C768&ssl=1","jetpack_shortlink":"https:\/\/wp.me\/p9cXHR-165","jetpack-related-posts":[{"id":4158,"url":"https:\/\/wilktravel.de\/index.php\/reisen\/2024\/leben-auf-dem-weingut-in-chile-im-winter-suedhalbkugel\/","url_meta":{"origin":4221,"position":0},"title":"Leben auf dem Weingut in Chile im Winter (Suedhalbkugel)","author":"andreas","date":"15. Juni 2024","format":false,"excerpt":"Wie bereits zuvor berichtet, sind meine Frau und ich wieder auf dem Weingut in Chile angekommen, wo wir bereits den vergangenen Dezember verbracht haben (Link). Die Eigent\u00fcmer waren im Dezember (Sommer auf der S\u00fcdhalbkugel) im Urlaub und planten einen erneuten Urlaub von Juni bis Ende August (Winter auf der S\u00fcdhalbkugel).\u2026","rel":"","context":"In &quot;Reisen&quot;","block_context":{"text":"Reisen","link":"https:\/\/wilktravel.de\/index.php\/category\/reisen\/"},"img":{"alt_text":"Vergleich Apartment Sommer - Winter","src":"https:\/\/i0.wp.com\/wilktravel.de\/wp-content\/uploads\/2024\/06\/Vergleich.jpg?fit=1052%2C475&ssl=1&resize=350%2C200","width":350,"height":200,"srcset":"https:\/\/i0.wp.com\/wilktravel.de\/wp-content\/uploads\/2024\/06\/Vergleich.jpg?fit=1052%2C475&ssl=1&resize=350%2C200 1x, https:\/\/i0.wp.com\/wilktravel.de\/wp-content\/uploads\/2024\/06\/Vergleich.jpg?fit=1052%2C475&ssl=1&resize=525%2C300 1.5x, https:\/\/i0.wp.com\/wilktravel.de\/wp-content\/uploads\/2024\/06\/Vergleich.jpg?fit=1052%2C475&ssl=1&resize=700%2C400 2x, https:\/\/i0.wp.com\/wilktravel.de\/wp-content\/uploads\/2024\/06\/Vergleich.jpg?fit=1052%2C475&ssl=1&resize=1050%2C600 3x"},"classes":[]},{"id":3736,"url":"https:\/\/wilktravel.de\/index.php\/reisen\/2024\/chile-carreterra-austral-1\/","url_meta":{"origin":4221,"position":1},"title":"Chile: Carreterra Austral 1","author":"andreas","date":"15. Januar 2024","format":false,"excerpt":"F\u00fcr l\u00e4ngere Zeit habe ich keine Aktualisierung unserer Reise erstellt. Das war einfach der Tatsache geschuldet, dass wir den ganzen Dezember auf einem Weingut in Chile verbracht haben, wo es nur sehr ruhig und entspannt zuging. Link: so sah es dort aus. Das \u00e4nderte sich schlagartig zu Beginn des Monats\u2026","rel":"","context":"In &quot;Reisen&quot;","block_context":{"text":"Reisen","link":"https:\/\/wilktravel.de\/index.php\/category\/reisen\/"},"img":{"alt_text":"","src":"https:\/\/i0.wp.com\/wilktravel.de\/wp-content\/uploads\/2024\/01\/Screenshot-2024-01-15-at-13-53-49-Laguna-Cerro-Castillo-Hike-Wanderung-Komoot.png?fit=514%2C685&ssl=1&resize=350%2C200","width":350,"height":200},"classes":[]},{"id":4250,"url":"https:\/\/wilktravel.de\/index.php\/reisen\/2024\/weingut-in-chile-ade\/","url_meta":{"origin":4221,"position":2},"title":"Weingut in Chile ade","author":"andreas","date":"2. September 2024","format":false,"excerpt":"Mit den Besitzern des Weingutes haben wir vereinbart, dass wir auf ihre Hunde von Juni bis Anfang September f\u00fcr fast 3 Monate gegen freies Wohnen aufpassen. Uns wurde gesagt, dass sie planen am 1. oder 2. September wieder nach Hause zu kommen. Am 28ten August bekamen wir dann die Nachricht,\u2026","rel":"","context":"In &quot;Reisen&quot;","block_context":{"text":"Reisen","link":"https:\/\/wilktravel.de\/index.php\/category\/reisen\/"},"img":{"alt_text":"","src":"https:\/\/i0.wp.com\/wilktravel.de\/wp-content\/uploads\/2024\/09\/Poblacion_10.jpg?fit=1020%2C768&ssl=1&resize=350%2C200","width":350,"height":200,"srcset":"https:\/\/i0.wp.com\/wilktravel.de\/wp-content\/uploads\/2024\/09\/Poblacion_10.jpg?fit=1020%2C768&ssl=1&resize=350%2C200 1x, https:\/\/i0.wp.com\/wilktravel.de\/wp-content\/uploads\/2024\/09\/Poblacion_10.jpg?fit=1020%2C768&ssl=1&resize=525%2C300 1.5x, https:\/\/i0.wp.com\/wilktravel.de\/wp-content\/uploads\/2024\/09\/Poblacion_10.jpg?fit=1020%2C768&ssl=1&resize=700%2C400 2x"},"classes":[]},{"id":3707,"url":"https:\/\/wilktravel.de\/index.php\/reisen\/2023\/chile-arbeiten-und-leben-auf-einem-weingut\/","url_meta":{"origin":4221,"position":3},"title":"Chile: Arbeiten und Leben auf einem Weingut","author":"andreas","date":"25. November 2023","format":false,"excerpt":"Schon vor Wochen habe ich f\u00fcr meine Frau und mich einen unbezahlten Job auf einem Weingut etwa 200 km s\u00fcdlich von Santiago organisiert. Bei einem einf\u00fchrendem Videochat stellten sich die Besitzer als sehr nett heraus, das zeigte sich auch als sie uns noch in Santiago zu einem Stra\u00dfenfest einluden und\u2026","rel":"","context":"In &quot;Reisen&quot;","block_context":{"text":"Reisen","link":"https:\/\/wilktravel.de\/index.php\/category\/reisen\/"},"img":{"alt_text":"","src":"https:\/\/i0.wp.com\/wilktravel.de\/wp-content\/uploads\/2023\/11\/Pool1.jpeg?fit=1200%2C900&ssl=1&resize=350%2C200","width":350,"height":200,"srcset":"https:\/\/i0.wp.com\/wilktravel.de\/wp-content\/uploads\/2023\/11\/Pool1.jpeg?fit=1200%2C900&ssl=1&resize=350%2C200 1x, https:\/\/i0.wp.com\/wilktravel.de\/wp-content\/uploads\/2023\/11\/Pool1.jpeg?fit=1200%2C900&ssl=1&resize=525%2C300 1.5x, https:\/\/i0.wp.com\/wilktravel.de\/wp-content\/uploads\/2023\/11\/Pool1.jpeg?fit=1200%2C900&ssl=1&resize=700%2C400 2x, https:\/\/i0.wp.com\/wilktravel.de\/wp-content\/uploads\/2023\/11\/Pool1.jpeg?fit=1200%2C900&ssl=1&resize=1050%2C600 3x"},"classes":[]},{"id":3763,"url":"https:\/\/wilktravel.de\/index.php\/reisen\/2024\/chile-carreterr-austral-2\/","url_meta":{"origin":4221,"position":4},"title":"Chile: Carreterra Austral 2","author":"andreas","date":"15. Januar 2024","format":false,"excerpt":"Link Erster Teil Bevor ich mit der Beschreibung unserer Erlebnisse fortfahre, hier noch ein Link auf einen \u00e4lteren Reisebericht in der FAS. In Villa Cerro Castillo wachte ich nach der anstrengenden Wanderung am Tag zuvor, morgens mit Muskelkater auf, trotzdem fuhren wir nach einem herzhaften Fr\u00fchst\u00fcck noch etwa 100 km\u2026","rel":"","context":"In &quot;Reisen&quot;","block_context":{"text":"Reisen","link":"https:\/\/wilktravel.de\/index.php\/category\/reisen\/"},"img":{"alt_text":"","src":"https:\/\/i0.wp.com\/wilktravel.de\/wp-content\/uploads\/2024\/01\/carreterrra38-300x225.jpg?resize=350%2C200&ssl=1","width":350,"height":200},"classes":[]},{"id":3801,"url":"https:\/\/wilktravel.de\/index.php\/reisen\/2024\/was-hat-jim-knopf-und-lukas-der-lokomotivfuehrer-mit-feuerland-zu-tun\/","url_meta":{"origin":4221,"position":5},"title":"Was hat Jim Knopf und Lukas der Lokomotivf\u00fchrer mit Feuerland zu tun?","author":"andreas","date":"20. Januar 2024","format":false,"excerpt":"Die Carrterra Austral (siehe link) haben wir erfolgreich mit einer letzten Wanderung im Parque Nacional de Pumalin abgeschlossen: Martina hatte die 3 F\u00e4den meiner Kopfwunde von meinem Fall f\u00fcnf Tage zuvor fast scherzfrei gezogen. Die Wunde verheilt gut. Den Mietwagen haben wir zwar dreckig aber ohne offensichtliche Sch\u00e4den in Puerto\u2026","rel":"","context":"In &quot;Reisen&quot;","block_context":{"text":"Reisen","link":"https:\/\/wilktravel.de\/index.php\/category\/reisen\/"},"img":{"alt_text":"","src":"https:\/\/i0.wp.com\/wilktravel.de\/wp-content\/uploads\/2024\/01\/puntaarenas2.jpg?fit=832%2C624&ssl=1&resize=350%2C200","width":350,"height":200,"srcset":"https:\/\/i0.wp.com\/wilktravel.de\/wp-content\/uploads\/2024\/01\/puntaarenas2.jpg?fit=832%2C624&ssl=1&resize=350%2C200 1x, https:\/\/i0.wp.com\/wilktravel.de\/wp-content\/uploads\/2024\/01\/puntaarenas2.jpg?fit=832%2C624&ssl=1&resize=525%2C300 1.5x, https:\/\/i0.wp.com\/wilktravel.de\/wp-content\/uploads\/2024\/01\/puntaarenas2.jpg?fit=832%2C624&ssl=1&resize=700%2C400 2x"},"classes":[]}],"jetpack_sharing_enabled":true,"_links":{"self":[{"href":"https:\/\/wilktravel.de\/index.php\/wp-json\/wp\/v2\/posts\/4221","targetHints":{"allow":["GET"]}}],"collection":[{"href":"https:\/\/wilktravel.de\/index.php\/wp-json\/wp\/v2\/posts"}],"about":[{"href":"https:\/\/wilktravel.de\/index.php\/wp-json\/wp\/v2\/types\/post"}],"author":[{"embeddable":true,"href":"https:\/\/wilktravel.de\/index.php\/wp-json\/wp\/v2\/users\/1"}],"replies":[{"embeddable":true,"href":"https:\/\/wilktravel.de\/index.php\/wp-json\/wp\/v2\/comments?post=4221"}],"version-history":[{"count":3,"href":"https:\/\/wilktravel.de\/index.php\/wp-json\/wp\/v2\/posts\/4221\/revisions"}],"predecessor-version":[{"id":4233,"href":"https:\/\/wilktravel.de\/index.php\/wp-json\/wp\/v2\/posts\/4221\/revisions\/4233"}],"wp:featuredmedia":[{"embeddable":true,"href":"https:\/\/wilktravel.de\/index.php\/wp-json\/wp\/v2\/media\/4223"}],"wp:attachment":[{"href":"https:\/\/wilktravel.de\/index.php\/wp-json\/wp\/v2\/media?parent=4221"}],"wp:term":[{"taxonomy":"category","embeddable":true,"href":"https:\/\/wilktravel.de\/index.php\/wp-json\/wp\/v2\/categories?post=4221"},{"taxonomy":"post_tag","embeddable":true,"href":"https:\/\/wilktravel.de\/index.php\/wp-json\/wp\/v2\/tags?post=4221"}],"curies":[{"name":"wp","href":"https:\/\/api.w.org\/{rel}","templated":true}]}}