{"id":4448,"date":"2025-02-09T14:57:08","date_gmt":"2025-02-09T13:57:08","guid":{"rendered":"https:\/\/wilktravel.de\/?p=4448"},"modified":"2025-02-09T14:57:51","modified_gmt":"2025-02-09T13:57:51","slug":"demos-gegen-rechtsruck-in-deutschland","status":"publish","type":"post","link":"https:\/\/wilktravel.de\/index.php\/reisen\/2025\/demos-gegen-rechtsruck-in-deutschland\/","title":{"rendered":"Demos gegen Rechtsruck in Deutschland"},"content":{"rendered":"<p>An Demonstrationen nehme ich eher wenig teil. Die letzte Demonstration, an der ich aktiv teilnahm, war vor 44 Jahren die Friedensdemo im Bonner Hofgarten. Leider erinnern mich die gegenw\u00e4rtigen politischen Umst\u00e4nde in Deutschland, aber auch weltweit, derart an die Zeit kurz vor 1933, als Hitler die Macht \u00fcbernahm. Die schrecklichen Auswirkungen seiner Wahl, wie Millionen von get\u00f6teten Juden und generell die vertriebenen und get\u00f6teten Menschen im von Hitler verursachten zweiten Weltkrieg, kennt jeder aus Gespr\u00e4chen mit seinen Eltern und Gro\u1e9eeltern.<\/p>\n<p>Kurz nach dem zweiten Weltkrieg gab es die Parole: niemals wieder. Leider scheint diese Parole mehr und mehr in Vergessenheit zu geraten, wenn man das Wachstum von rechten, zum Teil faschistischen Parteien wie die AFD betrachtet. Die Juden werden durch Ausl\u00e4nder ersetzt. Ich selbst hatte in vielen verschiedenen L\u00e4ndern weltweit gelebt und gearbeitet und war immer dankbar, dass die Einheimischen mir offen und freundlich gegen\u00fcber standen. Die Rechtsextremen wollen in Deutschland auch Doppelstaatler ausweisen. Geh\u00f6re ich auch dazu, wo ich neben dem deutschen auch einen kanadischen Pass besitze?<\/p>\n<p>Gestern am 8.2.2025 wurde eine Demonstration gegen rechts in Neustadt an der Weinstra\u00dfe (<a href=\"https:\/\/www.rheinpfalz.de\/lokal\/neustadt_artikel,-1800-menschen-demonstrieren-gegen-faschismus-_arid,5741840.html\">link<\/a>) organisiert. Ich entschloss mich aus oben genannten Gr\u00fcnden dort teilzunehmen. Neustadt ist nur 20 km von meinem jetzigen Wohnort entfernt, so dass ich leicht mit Bus und Deutschlandticket anreisen konnte. Ganz in der N\u00e4he von Neustadt liegt das Hambacher Schloss, welches eine signifikante Bedeutung f\u00fcr die deutsche Demokratie hatte (<a href=\"https:\/\/de.wikipedia.org\/wiki\/Hambacher_Schloss\">link<\/a>) und wo zuerst die schwarz, rot, goldene Deutschlandfahne gezeigt wurde.<\/p>\n<p>Die Lieder und Slogans waren die Gleichen wie 1981, nur die jungen M\u00e4dels hatten ihre Haare kunterbunt gef\u00e4rbt und die Plakate waren aktuell und sehr kreativ: &#8222;demokratisch w\u00e4hlen sonst wird es schMERZhaAFD&#8220; oder &#8222;lieber Solitarit\u00e4t als solide arisch&#8220;, &#8222;es ist 5 vor 1933&#8220;, &#8230;<\/p>\n","protected":false},"excerpt":{"rendered":"<p>An Demonstrationen nehme ich eher wenig teil. Die letzte Demonstration,  [&#8230;]<\/p>\n","protected":false},"author":1,"featured_media":4450,"comment_status":"open","ping_status":"open","sticky":false,"template":"","format":"standard","meta":{"jetpack_post_was_ever_published":false,"_jetpack_newsletter_access":"","_jetpack_dont_email_post_to_subs":false,"_jetpack_newsletter_tier_id":0,"_jetpack_memberships_contains_paywalled_content":false,"_jetpack_memberships_contains_paid_content":false,"footnotes":"","jetpack_publicize_message":"","jetpack_publicize_feature_enabled":true,"jetpack_social_post_already_shared":true,"jetpack_social_options":{"image_generator_settings":{"template":"highway","default_image_id":0,"font":"","enabled":false},"version":2}},"categories":[2],"tags":[351,352,353],"class_list":["post-4448","post","type-post","status-publish","format-standard","has-post-thumbnail","hentry","category-reisen","tag-demo","tag-gegen-rechts","tag-neustadt"],"jetpack_publicize_connections":[],"jetpack_featured_media_url":"https:\/\/i0.wp.com\/wilktravel.de\/wp-content\/uploads\/2025\/02\/Demo-3.jpg?fit=476%2C359&ssl=1","jetpack_shortlink":"https:\/\/wp.me\/p9cXHR-19K","jetpack-related-posts":[{"id":1944,"url":"https:\/\/wilktravel.de\/index.php\/reisen\/2019\/scapa-flow-100-jahre-versenkung-der-kaiserlichen-flotte\/","url_meta":{"origin":4448,"position":0},"title":"Scapa Flow, 100 Jahre Versenkung der kaiserlichen Flotte","author":"andreas","date":"20. Juni 2019","format":false,"excerpt":"Scapa Flow ist einer der interessantesten und einzigartigen Wracktauchpl\u00e4tze weltweit. Hier ist eine hohe Konzentration von Wracks in einem \u00fcberschaubaren Areal zu finden. Wie so h\u00e4ufig spielten kriegerische Auseinandersetzungen bei der Versenkung eine Rolle: In der Vergangenheit war England die f\u00fchrende globale Seemacht. Das \u00e4nderte sich gegen Ende des 19ten\u2026","rel":"","context":"In &quot;Reisen&quot;","block_context":{"text":"Reisen","link":"https:\/\/wilktravel.de\/index.php\/category\/reisen\/"},"img":{"alt_text":"","src":"https:\/\/i0.wp.com\/wilktravel.de\/wp-content\/uploads\/2019\/05\/scapa_1.jpg?fit=390%2C575&ssl=1&resize=350%2C200","width":350,"height":200},"classes":[]},{"id":3301,"url":"https:\/\/wilktravel.de\/index.php\/reisen\/2023\/besuch-in-england-maerz-2023\/","url_meta":{"origin":4448,"position":1},"title":"Besuch in England M\u00e4rz 2023","author":"andreas","date":"11. M\u00e4rz 2023","format":false,"excerpt":"Von 2001 bis 2007 haben meine Familie und ich in England gelebt. Dabei wohnten wir in Kingston\/ Richmond im S\u00fcdwesten von London. Ich arbeitete im B\u00fcro in Watford im Norden Londons, war aber auch h\u00e4ufig im Werk in Birmingham. Unsere Kinder gingen zur deutschen Schule in Richmond. Es war eine\u2026","rel":"","context":"In &quot;Reisen&quot;","block_context":{"text":"Reisen","link":"https:\/\/wilktravel.de\/index.php\/category\/reisen\/"},"img":{"alt_text":"","src":"https:\/\/i0.wp.com\/wilktravel.de\/wp-content\/uploads\/2023\/03\/England_Img1.jpg?fit=1200%2C900&ssl=1&resize=350%2C200","width":350,"height":200,"srcset":"https:\/\/i0.wp.com\/wilktravel.de\/wp-content\/uploads\/2023\/03\/England_Img1.jpg?fit=1200%2C900&ssl=1&resize=350%2C200 1x, https:\/\/i0.wp.com\/wilktravel.de\/wp-content\/uploads\/2023\/03\/England_Img1.jpg?fit=1200%2C900&ssl=1&resize=525%2C300 1.5x, https:\/\/i0.wp.com\/wilktravel.de\/wp-content\/uploads\/2023\/03\/England_Img1.jpg?fit=1200%2C900&ssl=1&resize=700%2C400 2x, https:\/\/i0.wp.com\/wilktravel.de\/wp-content\/uploads\/2023\/03\/England_Img1.jpg?fit=1200%2C900&ssl=1&resize=1050%2C600 3x"},"classes":[]},{"id":2372,"url":"https:\/\/wilktravel.de\/index.php\/reisen\/2020\/reise-in-die-vergangenheit-sachsen\/","url_meta":{"origin":4448,"position":2},"title":"Reise in die Vergangenheit &#8211; Sachsen","author":"andreas","date":"14. Juli 2020","format":false,"excerpt":"Beide meine verstorbenen Eltern wurden nach dem zweiten Weltkrieg aus Schlesien vertrieben und kamen zun\u00e4chst nach Sachsen, wo sie ihre Jugend verbrachten. In den 50er Jahren entschlossen sie sich aber jeweils eigenst\u00e4ndig das repressive System der DDR zu verlassen und nach Westdeutschland weiter zu ziehen (\"r\u00fcbergemacht\"). Die Mehrheit ihrer Verwandtschaft,\u2026","rel":"","context":"In &quot;Reisen&quot;","block_context":{"text":"Reisen","link":"https:\/\/wilktravel.de\/index.php\/category\/reisen\/"},"img":{"alt_text":"Bastei","src":"https:\/\/i0.wp.com\/wilktravel.de\/wp-content\/uploads\/2020\/07\/image002.jpg?fit=1200%2C900&ssl=1&resize=350%2C200","width":350,"height":200,"srcset":"https:\/\/i0.wp.com\/wilktravel.de\/wp-content\/uploads\/2020\/07\/image002.jpg?fit=1200%2C900&ssl=1&resize=350%2C200 1x, https:\/\/i0.wp.com\/wilktravel.de\/wp-content\/uploads\/2020\/07\/image002.jpg?fit=1200%2C900&ssl=1&resize=525%2C300 1.5x, https:\/\/i0.wp.com\/wilktravel.de\/wp-content\/uploads\/2020\/07\/image002.jpg?fit=1200%2C900&ssl=1&resize=700%2C400 2x, https:\/\/i0.wp.com\/wilktravel.de\/wp-content\/uploads\/2020\/07\/image002.jpg?fit=1200%2C900&ssl=1&resize=1050%2C600 3x"},"classes":[]},{"id":3539,"url":"https:\/\/wilktravel.de\/index.php\/reisen\/2023\/on-the-road-again-panama-city-und-kanal\/","url_meta":{"origin":4448,"position":3},"title":"On the road again, Panama City und Kanal","author":"andreas","date":"21. September 2023","format":false,"excerpt":"Wie im letzten Beitrag berichtet, hatte unsere Zeit in Santa Catalina ein Ende und wir sind mit dem Bus zur\u00fcck nach Panama City gereist. Dabei wurden wir andauernd mit lokaler Quetschkomodenmusik beschallt. Ein Lied w\u00e4re ja absolut okay gewesen, aber \u00fcber mehre Stunden immer das gleiche nervt am Ende. Hier\u2026","rel":"","context":"In &quot;Reisen&quot;","block_context":{"text":"Reisen","link":"https:\/\/wilktravel.de\/index.php\/category\/reisen\/"},"img":{"alt_text":"","src":"https:\/\/i0.wp.com\/wilktravel.de\/wp-content\/uploads\/2023\/09\/Panama_City10.jpg?fit=1037%2C778&ssl=1&resize=350%2C200","width":350,"height":200,"srcset":"https:\/\/i0.wp.com\/wilktravel.de\/wp-content\/uploads\/2023\/09\/Panama_City10.jpg?fit=1037%2C778&ssl=1&resize=350%2C200 1x, https:\/\/i0.wp.com\/wilktravel.de\/wp-content\/uploads\/2023\/09\/Panama_City10.jpg?fit=1037%2C778&ssl=1&resize=525%2C300 1.5x, https:\/\/i0.wp.com\/wilktravel.de\/wp-content\/uploads\/2023\/09\/Panama_City10.jpg?fit=1037%2C778&ssl=1&resize=700%2C400 2x"},"classes":[]},{"id":1187,"url":"https:\/\/wilktravel.de\/index.php\/reisen\/2018\/fahrradtour-nach-aschaffenburg\/","url_meta":{"origin":4448,"position":4},"title":"Fahrradtour nach Aschaffenburg","author":"andreas","date":"8. April 2018","format":false,"excerpt":"","rel":"","context":"In &quot;Reisen&quot;","block_context":{"text":"Reisen","link":"https:\/\/wilktravel.de\/index.php\/category\/reisen\/"},"img":{"alt_text":"","src":"https:\/\/i0.wp.com\/wilktravel.de\/wp-content\/uploads\/2018\/04\/IMG_1326.jpg?fit=1200%2C900&ssl=1&resize=350%2C200","width":350,"height":200,"srcset":"https:\/\/i0.wp.com\/wilktravel.de\/wp-content\/uploads\/2018\/04\/IMG_1326.jpg?fit=1200%2C900&ssl=1&resize=350%2C200 1x, https:\/\/i0.wp.com\/wilktravel.de\/wp-content\/uploads\/2018\/04\/IMG_1326.jpg?fit=1200%2C900&ssl=1&resize=525%2C300 1.5x, https:\/\/i0.wp.com\/wilktravel.de\/wp-content\/uploads\/2018\/04\/IMG_1326.jpg?fit=1200%2C900&ssl=1&resize=700%2C400 2x, https:\/\/i0.wp.com\/wilktravel.de\/wp-content\/uploads\/2018\/04\/IMG_1326.jpg?fit=1200%2C900&ssl=1&resize=1050%2C600 3x"},"classes":[]},{"id":4396,"url":"https:\/\/wilktravel.de\/index.php\/reisen\/2024\/kambodscha\/","url_meta":{"origin":4448,"position":5},"title":"Kambodscha","author":"andreas","date":"22. November 2024","format":false,"excerpt":"Kambodscha ist in vieler Hinsicht anders als die umliegenden L\u00e4nder: Vietnam, Thailand und Laos. Es ist zum einen sehr arm und eines der korruptesten L\u00e4nder der Welt. Interessanterweise sind die Lebenshaltungskosten trotzdem hoch (nach Singapur die zweith\u00f6chsten in S\u00fcdostasien) und Rechnungen der Hotels, Superm\u00e4rkte, Restaurants,\u2026 werden vorzugsweise in USD gestellt.\u2026","rel":"","context":"In &quot;Reisen&quot;","block_context":{"text":"Reisen","link":"https:\/\/wilktravel.de\/index.php\/category\/reisen\/"},"img":{"alt_text":"","src":"https:\/\/i0.wp.com\/wilktravel.de\/wp-content\/uploads\/2024\/11\/angkor-5.jpg?fit=1020%2C768&ssl=1&resize=350%2C200","width":350,"height":200,"srcset":"https:\/\/i0.wp.com\/wilktravel.de\/wp-content\/uploads\/2024\/11\/angkor-5.jpg?fit=1020%2C768&ssl=1&resize=350%2C200 1x, https:\/\/i0.wp.com\/wilktravel.de\/wp-content\/uploads\/2024\/11\/angkor-5.jpg?fit=1020%2C768&ssl=1&resize=525%2C300 1.5x, https:\/\/i0.wp.com\/wilktravel.de\/wp-content\/uploads\/2024\/11\/angkor-5.jpg?fit=1020%2C768&ssl=1&resize=700%2C400 2x"},"classes":[]}],"jetpack_sharing_enabled":true,"_links":{"self":[{"href":"https:\/\/wilktravel.de\/index.php\/wp-json\/wp\/v2\/posts\/4448","targetHints":{"allow":["GET"]}}],"collection":[{"href":"https:\/\/wilktravel.de\/index.php\/wp-json\/wp\/v2\/posts"}],"about":[{"href":"https:\/\/wilktravel.de\/index.php\/wp-json\/wp\/v2\/types\/post"}],"author":[{"embeddable":true,"href":"https:\/\/wilktravel.de\/index.php\/wp-json\/wp\/v2\/users\/1"}],"replies":[{"embeddable":true,"href":"https:\/\/wilktravel.de\/index.php\/wp-json\/wp\/v2\/comments?post=4448"}],"version-history":[{"count":2,"href":"https:\/\/wilktravel.de\/index.php\/wp-json\/wp\/v2\/posts\/4448\/revisions"}],"predecessor-version":[{"id":4456,"href":"https:\/\/wilktravel.de\/index.php\/wp-json\/wp\/v2\/posts\/4448\/revisions\/4456"}],"wp:featuredmedia":[{"embeddable":true,"href":"https:\/\/wilktravel.de\/index.php\/wp-json\/wp\/v2\/media\/4450"}],"wp:attachment":[{"href":"https:\/\/wilktravel.de\/index.php\/wp-json\/wp\/v2\/media?parent=4448"}],"wp:term":[{"taxonomy":"category","embeddable":true,"href":"https:\/\/wilktravel.de\/index.php\/wp-json\/wp\/v2\/categories?post=4448"},{"taxonomy":"post_tag","embeddable":true,"href":"https:\/\/wilktravel.de\/index.php\/wp-json\/wp\/v2\/tags?post=4448"}],"curies":[{"name":"wp","href":"https:\/\/api.w.org\/{rel}","templated":true}]}}